{"id":25426,"date":"2020-12-23T09:22:35","date_gmt":"2020-12-23T14:22:35","guid":{"rendered":"https:\/\/voxy.com\/?p=25426"},"modified":"2021-04-30T12:54:29","modified_gmt":"2021-04-30T16:54:29","slug":"medellin-tech-fest-2020","status":"publish","type":"post","link":"https:\/\/voxy.com\/pt-br\/blog\/medellin-tech-fest-2020\/","title":{"rendered":"Medell\u00edn Tech Fest 2020"},"content":{"rendered":"<p>No dia 2 de dezembro, aconteceu o evento Medell\u00edn Tech Fest, organizado pelo governo da cidade colombiana, onde foi realizado o Dia do Bilinguismo e no qual foi discutido como as novas tecnologias influenciaram e atualizaram a forma como aprendemos novos idiomas.<\/p>\n<p>Nesta palestra, a Dra. Katharine Nielson nos fala sobre as melhores pr\u00e1ticas para aprendizagem online, bem como tend\u00eancias em e-learning e como a Covid acelerou a transforma\u00e7\u00e3o digital em empresas e escolas. Uma das principais perguntas que a Dra. Katie nos faz \u00e9, como a tecnologia pode apoiar no aprendizado de um idioma? Desde o in\u00edcio \u00e9 importante entender que adultos e crian\u00e7as aprendem de maneiras diferentes, e esta aprendizagem de l\u00ednguas \u00e9 baseada em 4 tarefas que s\u00e3o:<\/p>\n<ol>\n<li><strong>Input<\/strong> (que consiste em exemplos da l\u00edngua),<\/li>\n<li><strong>Output<\/strong> (as oportunidades temos que reproduzir a linguagem),<\/li>\n<li><strong>Intera\u00e7\u00e3o<\/strong> (conversar e interagir com outras pessoas) e finalmente<\/li>\n<li><strong>Feedback<\/strong> (fazer cr\u00edticas construtivas para melhorar).<\/li>\n<\/ol>\n<p>Se voc\u00ea estiver interessado em aprender mais sobre isso, <a href=\"https:\/\/voxy.wistia.com\/medias\/srlbebyt01\">confira a palestra da Dra. Katie aqui<\/a>!<\/p>\n","protected":false},"excerpt":{"rendered":"<p>No dia 2 de dezembro, aconteceu o evento Medell\u00edn Tech Fest, organizado pelo governo da cidade colombiana, onde foi realizado o Dia do Bilinguismo e no qual foi discutido como as novas tecnologias influenciaram e atualizaram a forma como aprendemos novos idiomas.<\/p>\n","protected":false},"author":62,"featured_media":25419,"comment_status":"closed","ping_status":"closed","sticky":false,"template":"","format":"standard","meta":{"footnotes":""},"categories":[712,746],"tags":[],"class_list":["post-25426","post","type-post","status-publish","format-standard","has-post-thumbnail","hentry","category-novidades","category-tecnologia-educacional"],"yoast_head":"<!-- This site is optimized with the Yoast SEO plugin v26.7 - https:\/\/yoast.com\/wordpress\/plugins\/seo\/ -->\n<title>Medell\u00edn Tech Fest 2020 - Voxy<\/title>\n<meta name=\"description\" content=\"No dia 2 de dezembro, aconteceu o evento Medell\u00edn Tech Fest, organizado pelo governo da cidade colombiana, onde foi realizado o Dia do Bilinguismo e no qual foi discutido como as novas tecnologias influenciaram e atualizaram a forma como aprendemos novos idiomas.\" \/>\n<meta name=\"robots\" content=\"index, follow, max-snippet:-1, max-image-preview:large, max-video-preview:-1\" \/>\n<link rel=\"canonical\" href=\"https:\/\/voxy.com\/pt-br\/blog\/medellin-tech-fest-2020\/\" \/>\n<meta property=\"og:locale\" content=\"pt_BR\" \/>\n<meta property=\"og:type\" content=\"article\" \/>\n<meta property=\"og:title\" content=\"Medell\u00edn Tech Fest 2020 - Voxy\" \/>\n<meta property=\"og:description\" content=\"No dia 2 de dezembro, aconteceu o evento Medell\u00edn Tech Fest, organizado pelo governo da cidade colombiana, onde foi realizado o Dia do Bilinguismo e no qual foi discutido como as novas tecnologias influenciaram e atualizaram a forma como aprendemos novos idiomas.\" \/>\n<meta property=\"og:url\" content=\"https:\/\/voxy.com\/pt-br\/blog\/medellin-tech-fest-2020\/\" \/>\n<meta property=\"og:site_name\" content=\"Voxy\" \/>\n<meta property=\"article:publisher\" content=\"https:\/\/www.facebook.com\/goVOXY\/\" \/>\n<meta property=\"article:published_time\" content=\"2020-12-23T14:22:35+00:00\" \/>\n<meta property=\"article:modified_time\" content=\"2021-04-30T16:54:29+00:00\" \/>\n<meta property=\"og:image\" content=\"https:\/\/voxy.com\/wp-content\/uploads\/2020\/12\/medellin-techfest.jpg\" \/>\n\t<meta property=\"og:image:width\" content=\"1200\" \/>\n\t<meta property=\"og:image:height\" content=\"651\" \/>\n\t<meta property=\"og:image:type\" content=\"image\/jpeg\" \/>\n<meta name=\"author\" content=\"Martha Gutierrez\" \/>\n<meta name=\"twitter:card\" content=\"summary_large_image\" \/>\n<meta name=\"twitter:creator\" content=\"@Voxy\" \/>\n<meta name=\"twitter:site\" content=\"@Voxy\" \/>\n<meta name=\"twitter:label1\" content=\"Escrito por\" \/>\n\t<meta name=\"twitter:data1\" content=\"Martha Gutierrez\" \/>\n\t<meta name=\"twitter:label2\" content=\"Est. tempo de leitura\" \/>\n\t<meta name=\"twitter:data2\" content=\"1 minuto\" \/>\n<script type=\"application\/ld+json\" class=\"yoast-schema-graph\">{\"@context\":\"https:\/\/schema.org\",\"@graph\":[{\"@type\":\"Article\",\"@id\":\"https:\/\/voxy.com\/pt-br\/blog\/medellin-tech-fest-2020\/#article\",\"isPartOf\":{\"@id\":\"https:\/\/voxy.com\/pt-br\/blog\/medellin-tech-fest-2020\/\"},\"author\":{\"name\":\"Martha Gutierrez\",\"@id\":\"https:\/\/voxy.com\/pt-br\/#\/schema\/person\/f578fdf79e7e38c4fc39d523938708aa\"},\"headline\":\"Medell\u00edn Tech Fest 2020\",\"datePublished\":\"2020-12-23T14:22:35+00:00\",\"dateModified\":\"2021-04-30T16:54:29+00:00\",\"mainEntityOfPage\":{\"@id\":\"https:\/\/voxy.com\/pt-br\/blog\/medellin-tech-fest-2020\/\"},\"wordCount\":177,\"image\":{\"@id\":\"https:\/\/voxy.com\/pt-br\/blog\/medellin-tech-fest-2020\/#primaryimage\"},\"thumbnailUrl\":\"https:\/\/voxy.com\/wp-content\/uploads\/2020\/12\/medellin-techfest.jpg\",\"articleSection\":[\"Novidades\",\"Tecnologia Educacional\"],\"inLanguage\":\"pt-BR\"},{\"@type\":\"WebPage\",\"@id\":\"https:\/\/voxy.com\/pt-br\/blog\/medellin-tech-fest-2020\/\",\"url\":\"https:\/\/voxy.com\/pt-br\/blog\/medellin-tech-fest-2020\/\",\"name\":\"Medell\u00edn Tech Fest 2020 - Voxy\",\"isPartOf\":{\"@id\":\"https:\/\/voxy.com\/pt-br\/#website\"},\"primaryImageOfPage\":{\"@id\":\"https:\/\/voxy.com\/pt-br\/blog\/medellin-tech-fest-2020\/#primaryimage\"},\"image\":{\"@id\":\"https:\/\/voxy.com\/pt-br\/blog\/medellin-tech-fest-2020\/#primaryimage\"},\"thumbnailUrl\":\"https:\/\/voxy.com\/wp-content\/uploads\/2020\/12\/medellin-techfest.jpg\",\"datePublished\":\"2020-12-23T14:22:35+00:00\",\"dateModified\":\"2021-04-30T16:54:29+00:00\",\"author\":{\"@id\":\"https:\/\/voxy.com\/pt-br\/#\/schema\/person\/f578fdf79e7e38c4fc39d523938708aa\"},\"description\":\"No dia 2 de dezembro, aconteceu o evento Medell\u00edn Tech Fest, organizado pelo governo da cidade colombiana, onde foi realizado o Dia do Bilinguismo e no qual foi discutido como as novas tecnologias influenciaram e atualizaram a forma como aprendemos novos idiomas.\",\"breadcrumb\":{\"@id\":\"https:\/\/voxy.com\/pt-br\/blog\/medellin-tech-fest-2020\/#breadcrumb\"},\"inLanguage\":\"pt-BR\",\"potentialAction\":[{\"@type\":\"ReadAction\",\"target\":[\"https:\/\/voxy.com\/pt-br\/blog\/medellin-tech-fest-2020\/\"]}]},{\"@type\":\"ImageObject\",\"inLanguage\":\"pt-BR\",\"@id\":\"https:\/\/voxy.com\/pt-br\/blog\/medellin-tech-fest-2020\/#primaryimage\",\"url\":\"https:\/\/voxy.com\/wp-content\/uploads\/2020\/12\/medellin-techfest.jpg\",\"contentUrl\":\"https:\/\/voxy.com\/wp-content\/uploads\/2020\/12\/medellin-techfest.jpg\",\"width\":1200,\"height\":651,\"caption\":\"Medell\u00edn Tech Fest 2020\"},{\"@type\":\"BreadcrumbList\",\"@id\":\"https:\/\/voxy.com\/pt-br\/blog\/medellin-tech-fest-2020\/#breadcrumb\",\"itemListElement\":[{\"@type\":\"ListItem\",\"position\":1,\"name\":\"Home\",\"item\":\"https:\/\/voxy.com\/\"},{\"@type\":\"ListItem\",\"position\":2,\"name\":\"Medell\u00edn Tech Fest 2020\"}]},{\"@type\":\"WebSite\",\"@id\":\"https:\/\/voxy.com\/pt-br\/#website\",\"url\":\"https:\/\/voxy.com\/pt-br\/\",\"name\":\"Voxy\",\"description\":\"Changing the way the world learns English\",\"potentialAction\":[{\"@type\":\"SearchAction\",\"target\":{\"@type\":\"EntryPoint\",\"urlTemplate\":\"https:\/\/voxy.com\/pt-br\/?s={search_term_string}\"},\"query-input\":{\"@type\":\"PropertyValueSpecification\",\"valueRequired\":true,\"valueName\":\"search_term_string\"}}],\"inLanguage\":\"pt-BR\"},{\"@type\":\"Person\",\"@id\":\"https:\/\/voxy.com\/pt-br\/#\/schema\/person\/f578fdf79e7e38c4fc39d523938708aa\",\"name\":\"Martha Gutierrez\",\"image\":{\"@type\":\"ImageObject\",\"inLanguage\":\"pt-BR\",\"@id\":\"https:\/\/voxy.com\/pt-br\/#\/schema\/person\/image\/\",\"url\":\"https:\/\/voxy.com\/wp-content\/litespeed\/avatar\/b86c743ca306aac11b6d20e3f7a541fd.jpg?ver=1776880510\",\"contentUrl\":\"https:\/\/voxy.com\/wp-content\/litespeed\/avatar\/b86c743ca306aac11b6d20e3f7a541fd.jpg?ver=1776880510\",\"caption\":\"Martha Gutierrez\"},\"description\":\"Martha is a Marketing Manager at Voxy. She is a global marketing professional working with multidisciplinary teams, and, for her, the most important thing is learning new trends, working as a team and above all, being able to help people develop professionally and aspire to better standards of living.\"}]}<\/script>\n<!-- \/ Yoast SEO plugin. -->","yoast_head_json":{"title":"Medell\u00edn Tech Fest 2020 - Voxy","description":"No dia 2 de dezembro, aconteceu o evento Medell\u00edn Tech Fest, organizado pelo governo da cidade colombiana, onde foi realizado o Dia do Bilinguismo e no qual foi discutido como as novas tecnologias influenciaram e atualizaram a forma como aprendemos novos idiomas.","robots":{"index":"index","follow":"follow","max-snippet":"max-snippet:-1","max-image-preview":"max-image-preview:large","max-video-preview":"max-video-preview:-1"},"canonical":"https:\/\/voxy.com\/pt-br\/blog\/medellin-tech-fest-2020\/","og_locale":"pt_BR","og_type":"article","og_title":"Medell\u00edn Tech Fest 2020 - Voxy","og_description":"No dia 2 de dezembro, aconteceu o evento Medell\u00edn Tech Fest, organizado pelo governo da cidade colombiana, onde foi realizado o Dia do Bilinguismo e no qual foi discutido como as novas tecnologias influenciaram e atualizaram a forma como aprendemos novos idiomas.","og_url":"https:\/\/voxy.com\/pt-br\/blog\/medellin-tech-fest-2020\/","og_site_name":"Voxy","article_publisher":"https:\/\/www.facebook.com\/goVOXY\/","article_published_time":"2020-12-23T14:22:35+00:00","article_modified_time":"2021-04-30T16:54:29+00:00","og_image":[{"width":1200,"height":651,"url":"https:\/\/voxy.com\/wp-content\/uploads\/2020\/12\/medellin-techfest.jpg","type":"image\/jpeg"}],"author":"Martha Gutierrez","twitter_card":"summary_large_image","twitter_creator":"@Voxy","twitter_site":"@Voxy","twitter_misc":{"Escrito por":"Martha Gutierrez","Est. tempo de leitura":"1 minuto"},"schema":{"@context":"https:\/\/schema.org","@graph":[{"@type":"Article","@id":"https:\/\/voxy.com\/pt-br\/blog\/medellin-tech-fest-2020\/#article","isPartOf":{"@id":"https:\/\/voxy.com\/pt-br\/blog\/medellin-tech-fest-2020\/"},"author":{"name":"Martha Gutierrez","@id":"https:\/\/voxy.com\/pt-br\/#\/schema\/person\/f578fdf79e7e38c4fc39d523938708aa"},"headline":"Medell\u00edn Tech Fest 2020","datePublished":"2020-12-23T14:22:35+00:00","dateModified":"2021-04-30T16:54:29+00:00","mainEntityOfPage":{"@id":"https:\/\/voxy.com\/pt-br\/blog\/medellin-tech-fest-2020\/"},"wordCount":177,"image":{"@id":"https:\/\/voxy.com\/pt-br\/blog\/medellin-tech-fest-2020\/#primaryimage"},"thumbnailUrl":"https:\/\/voxy.com\/wp-content\/uploads\/2020\/12\/medellin-techfest.jpg","articleSection":["Novidades","Tecnologia Educacional"],"inLanguage":"pt-BR"},{"@type":"WebPage","@id":"https:\/\/voxy.com\/pt-br\/blog\/medellin-tech-fest-2020\/","url":"https:\/\/voxy.com\/pt-br\/blog\/medellin-tech-fest-2020\/","name":"Medell\u00edn Tech Fest 2020 - Voxy","isPartOf":{"@id":"https:\/\/voxy.com\/pt-br\/#website"},"primaryImageOfPage":{"@id":"https:\/\/voxy.com\/pt-br\/blog\/medellin-tech-fest-2020\/#primaryimage"},"image":{"@id":"https:\/\/voxy.com\/pt-br\/blog\/medellin-tech-fest-2020\/#primaryimage"},"thumbnailUrl":"https:\/\/voxy.com\/wp-content\/uploads\/2020\/12\/medellin-techfest.jpg","datePublished":"2020-12-23T14:22:35+00:00","dateModified":"2021-04-30T16:54:29+00:00","author":{"@id":"https:\/\/voxy.com\/pt-br\/#\/schema\/person\/f578fdf79e7e38c4fc39d523938708aa"},"description":"No dia 2 de dezembro, aconteceu o evento Medell\u00edn Tech Fest, organizado pelo governo da cidade colombiana, onde foi realizado o Dia do Bilinguismo e no qual foi discutido como as novas tecnologias influenciaram e atualizaram a forma como aprendemos novos idiomas.","breadcrumb":{"@id":"https:\/\/voxy.com\/pt-br\/blog\/medellin-tech-fest-2020\/#breadcrumb"},"inLanguage":"pt-BR","potentialAction":[{"@type":"ReadAction","target":["https:\/\/voxy.com\/pt-br\/blog\/medellin-tech-fest-2020\/"]}]},{"@type":"ImageObject","inLanguage":"pt-BR","@id":"https:\/\/voxy.com\/pt-br\/blog\/medellin-tech-fest-2020\/#primaryimage","url":"https:\/\/voxy.com\/wp-content\/uploads\/2020\/12\/medellin-techfest.jpg","contentUrl":"https:\/\/voxy.com\/wp-content\/uploads\/2020\/12\/medellin-techfest.jpg","width":1200,"height":651,"caption":"Medell\u00edn Tech Fest 2020"},{"@type":"BreadcrumbList","@id":"https:\/\/voxy.com\/pt-br\/blog\/medellin-tech-fest-2020\/#breadcrumb","itemListElement":[{"@type":"ListItem","position":1,"name":"Home","item":"https:\/\/voxy.com\/"},{"@type":"ListItem","position":2,"name":"Medell\u00edn Tech Fest 2020"}]},{"@type":"WebSite","@id":"https:\/\/voxy.com\/pt-br\/#website","url":"https:\/\/voxy.com\/pt-br\/","name":"Voxy","description":"Changing the way the world learns English","potentialAction":[{"@type":"SearchAction","target":{"@type":"EntryPoint","urlTemplate":"https:\/\/voxy.com\/pt-br\/?s={search_term_string}"},"query-input":{"@type":"PropertyValueSpecification","valueRequired":true,"valueName":"search_term_string"}}],"inLanguage":"pt-BR"},{"@type":"Person","@id":"https:\/\/voxy.com\/pt-br\/#\/schema\/person\/f578fdf79e7e38c4fc39d523938708aa","name":"Martha Gutierrez","image":{"@type":"ImageObject","inLanguage":"pt-BR","@id":"https:\/\/voxy.com\/pt-br\/#\/schema\/person\/image\/","url":"https:\/\/voxy.com\/wp-content\/litespeed\/avatar\/b86c743ca306aac11b6d20e3f7a541fd.jpg?ver=1776880510","contentUrl":"https:\/\/voxy.com\/wp-content\/litespeed\/avatar\/b86c743ca306aac11b6d20e3f7a541fd.jpg?ver=1776880510","caption":"Martha Gutierrez"},"description":"Martha is a Marketing Manager at Voxy. She is a global marketing professional working with multidisciplinary teams, and, for her, the most important thing is learning new trends, working as a team and above all, being able to help people develop professionally and aspire to better standards of living."}]}},"_links":{"self":[{"href":"https:\/\/voxy.com\/pt-br\/wp-json\/wp\/v2\/posts\/25426","targetHints":{"allow":["GET"]}}],"collection":[{"href":"https:\/\/voxy.com\/pt-br\/wp-json\/wp\/v2\/posts"}],"about":[{"href":"https:\/\/voxy.com\/pt-br\/wp-json\/wp\/v2\/types\/post"}],"author":[{"embeddable":true,"href":"https:\/\/voxy.com\/pt-br\/wp-json\/wp\/v2\/users\/62"}],"replies":[{"embeddable":true,"href":"https:\/\/voxy.com\/pt-br\/wp-json\/wp\/v2\/comments?post=25426"}],"version-history":[{"count":0,"href":"https:\/\/voxy.com\/pt-br\/wp-json\/wp\/v2\/posts\/25426\/revisions"}],"wp:featuredmedia":[{"embeddable":true,"href":"https:\/\/voxy.com\/pt-br\/wp-json\/wp\/v2\/media\/25419"}],"wp:attachment":[{"href":"https:\/\/voxy.com\/pt-br\/wp-json\/wp\/v2\/media?parent=25426"}],"wp:term":[{"taxonomy":"category","embeddable":true,"href":"https:\/\/voxy.com\/pt-br\/wp-json\/wp\/v2\/categories?post=25426"},{"taxonomy":"post_tag","embeddable":true,"href":"https:\/\/voxy.com\/pt-br\/wp-json\/wp\/v2\/tags?post=25426"}],"curies":[{"name":"wp","href":"https:\/\/api.w.org\/{rel}","templated":true}]}}