{"id":118240,"date":"2023-02-15T14:29:03","date_gmt":"2023-02-15T19:29:03","guid":{"rendered":"https:\/\/voxy.com\/?p=118240"},"modified":"2024-10-10T10:34:44","modified_gmt":"2024-10-10T14:34:44","slug":"comunicacao-efetiva-no-trabalho","status":"publish","type":"post","link":"https:\/\/voxy.com\/pt-br\/blog\/comunicacao-efetiva-no-trabalho\/","title":{"rendered":"Os 3 Pilares da Comunica\u00e7\u00e3o Efetiva no Trabalho para Empresas Globais"},"content":{"rendered":"\n<p><strong>Desenvolver a comunica\u00e7\u00e3o efetiva no trabalho \u00e9 uma habilidade cada vez mais importante para que as pessoas trabalhem bem em equipe e possam atingir resultados juntas, especialmente com a comunica\u00e7\u00e3o remota e ass\u00edncrona se tornando mais comum no mundo corporativo.<\/strong><\/p>\n\n\n\n<p>Nesse artigo, voc\u00ea vai ver os 3 pilares da comunica\u00e7\u00e3o efetiva no trabalho para times globais, que s\u00e3o chave para diminuir atritos, favorecer o compartilhamento de conhecimento e construir o sucesso por meio de uma comunica\u00e7\u00e3o fluida.<\/p>\n\n\n\n<p>Ter sucesso na economia global atual \u00e9 o objetivo de neg\u00f3cios em diversos setores, e para alcan\u00e7ar esse prop\u00f3sito, muitas companhias est\u00e3o contando com uma <strong>for\u00e7a de trabalho distribu\u00edda ao redor do mundo<\/strong>, vindos de contextos totalmente diferentes.<\/p>\n\n\n\n<p>A combina\u00e7\u00e3o de experi\u00eancias profissionais variadas e dos costumes culturais de equipes diversas t\u00eam sido mais e mais percebida como uma contribui\u00e7\u00e3o positiva para a oferta de produtos e servi\u00e7os eficientes, capazes de satisfazer as necessidades do mercado global.&nbsp;<\/p>\n\n\n\n<p>No entanto, para ter times produtivos e que entregam resultados, \u00e9 essencial fomentar a boa comunica\u00e7\u00e3o entre as pessoas que os comp\u00f5em.&nbsp;<\/p>\n\n\n\n<p>Em <a href=\"https:\/\/www.mbanews.com.au\/communication-skills-valued-employers\/\">uma pesquisa<\/a> intitulada <em>The Future of Talent<\/em> (o futuro do talento), a habilidade de comunica\u00e7\u00e3o aparece como a <strong>habilidade mais importante<\/strong> na vis\u00e3o dos empregadores &#8211; e \u00e9 algo que a maioria das escolas n\u00e3o ensina e precisa ser desenvolvido por times e indiv\u00edduos que buscam o sucesso.<\/p>\n\n\n\n<figure class=\"wp-block-image\"><img decoding=\"async\" src=\"https:\/\/lh4.googleusercontent.com\/LrSgKFbVYs3TKQRjDS2hVTp8IEQMDNEX9xocoUhRmj6wbg9lbtylbkWYxjNniblBehyWNbmw8NdQdMK9SCge-bXVyFcmR4kih5sS3Zr11siTaUTE0OwUJ_5V746Bx-gnj3xWwCIRzw99xXS_kFY5hWQ\" alt=\"\"\/><\/figure>\n\n\n\n<h2 class=\"wp-block-heading\"><strong>Por que a comunica\u00e7\u00e3o \u00e9 fundamental para os neg\u00f3cios?<\/strong><\/h2>\n\n\n\n<p>Manter uma comunica\u00e7\u00e3o efetiva no trabalho \u00e9 uma maneira de garantir que os times realizem suas tarefas e fun\u00e7\u00f5es <strong>em alinhamento com os objetivos do neg\u00f3cio<\/strong>, especialmente para times de nacionalidades diferentes que falam l\u00ednguas nativas variadas mas realizam parte consider\u00e1vel do trabalho em Ingl\u00eas.<\/p>\n\n\n\n<p><strong>Uma comunica\u00e7\u00e3o truncada pode ser a raiz de problemas comuns no dia a dia das empresas<\/strong>, como baixa performance e produtividade, desmotiva\u00e7\u00e3o e falta de engajamento e realiza\u00e7\u00e3o pessoal no trabalho.<\/p>\n\n\n\n<p>Aliado a isso, estamos vivendo um momento de mercado no qual muitas organiza\u00e7\u00f5es est\u00e3o <a href=\"https:\/\/www.forbes.com\/sites\/carolinecastrillon\/2023\/02\/12\/why-skills-based-hiring-is-on-the-rise\/?sh=2b45ee8224a9\">mudando a forma de fazer contrata\u00e7\u00f5es<\/a>, priorizando a abordagem de contrata\u00e7\u00f5es baseadas em <a href=\"https:\/\/voxy.com\/pt-br\/blog\/upskilling-e-reskilling\/\">skills<\/a>.<\/p>\n\n\n\n<p>Dentro das soft skills (as chamadas habilidades comportamentais, pessoais ou interpessoais, que abrangem condutas emocionais e pr\u00e1ticas), a habilidade de se comunicar \u00e9 a mais valorizada.&nbsp;<\/p>\n\n\n\n<p><strong>A comunica\u00e7\u00e3o \u00e9 uma das capacidades com maior potencial de transforma\u00e7\u00e3o tanto do indiv\u00edduo quanto das organiza\u00e7\u00f5es<\/strong>.<\/p>\n\n\n\n\t\t<div data-elementor-type=\"container\" data-elementor-id=\"130199\" class=\"elementor elementor-130199\" data-elementor-post-type=\"elementor_library\">\n\t\t\t\t<div class=\"elementor-element elementor-element-1ae1a34 e-flex e-con-boxed e-con e-parent\" data-id=\"1ae1a34\" data-element_type=\"container\">\n\t\t\t\t\t<div class=\"e-con-inner\">\n\t\t\t\t<div class=\"elementor-element elementor-element-e438623 elementor-widget elementor-widget-image\" data-id=\"e438623\" data-element_type=\"widget\" data-widget_type=\"image.default\">\n\t\t\t\t<div class=\"elementor-widget-container\">\n\t\t\t\t\t\t\t\t\t\t\t\t\t\t\t\t<a href=\"https:\/\/learn.voxy.com\/corporate-language-training-pt.html?utm_source=website&#038;utm_medium=blog&#038;utm_campaign=ebook-corporate-learning&#038;utm_content=banner-a-pt\">\n\t\t\t\t\t\t\t<img fetchpriority=\"high\" decoding=\"async\" width=\"1020\" height=\"408\" src=\"https:\/\/voxy.com\/wp-content\/uploads\/2024\/10\/PTBR-3.png\" class=\"attachment-large size-large wp-image-132234\" alt=\"\" srcset=\"https:\/\/voxy.com\/wp-content\/uploads\/2024\/10\/PTBR-3.png 1024w, https:\/\/voxy.com\/wp-content\/uploads\/2024\/10\/PTBR-3-300x120.png 300w, https:\/\/voxy.com\/wp-content\/uploads\/2024\/10\/PTBR-3-768x308.png 768w, https:\/\/voxy.com\/wp-content\/uploads\/2024\/10\/PTBR-3-150x60.png 150w\" sizes=\"(max-width: 1020px) 100vw, 1020px\" \/>\t\t\t\t\t\t\t\t<\/a>\n\t\t\t\t\t\t\t\t\t\t\t\t\t\t\t<\/div>\n\t\t\t\t<\/div>\n\t\t\t\t\t<\/div>\n\t\t\t\t<\/div>\n\t\t\t\t<\/div>\n\t\t\n\n\n\n<h2 class=\"wp-block-heading\"><strong>Quais s\u00e3o os pilares da comunica\u00e7\u00e3o efetiva no trabalho?<\/strong><\/h2>\n\n\n\n<p>A comunica\u00e7\u00e3o efetiva \u00e9 uma soft skill e n\u00e3o uma habilidade t\u00e9cnica como o dom\u00ednio de uma plataforma CRM ou outra ferramenta da \u00e1rea.&nbsp;<\/p>\n\n\n\n<p>Algumas pessoas t\u00eam um talento natural para a comunica\u00e7\u00e3o, mas isso n\u00e3o quer dizer que a habilidade de se comunicar bem n\u00e3o possa ser desenvolvida nos indiv\u00edduos e na equipe.&nbsp;<\/p>\n\n\n\n<p><strong>Confira os tr\u00eas pilares que constituem uma comunica\u00e7\u00e3o efetiva nas empresas:<\/strong><\/p>\n\n\n\n<figure class=\"wp-block-image aligncenter size-full is-resized\"><img decoding=\"async\" width=\"800\" height=\"600\" src=\"https:\/\/voxy.com\/wp-content\/uploads\/2023\/02\/comunicacao-efetiva-no-trabalho.jpg\" alt=\"comunica\u00e7\u00e3o efetiva no trabalho\" class=\"wp-image-118241\" style=\"width:442px;height:332px\" srcset=\"https:\/\/voxy.com\/wp-content\/uploads\/2023\/02\/comunicacao-efetiva-no-trabalho.jpg 800w, https:\/\/voxy.com\/wp-content\/uploads\/2023\/02\/comunicacao-efetiva-no-trabalho-300x225.jpg 300w, https:\/\/voxy.com\/wp-content\/uploads\/2023\/02\/comunicacao-efetiva-no-trabalho-768x576.jpg 768w\" sizes=\"(max-width: 800px) 100vw, 800px\" \/><\/figure>\n\n\n\n<h3 class=\"wp-block-heading\"><strong>1. Comunica\u00e7\u00e3o no dia a dia<\/strong><\/h3>\n\n\n\n<p>\u00c9 nas atividades b\u00e1sicas do dia a dia de trabalho como reuni\u00f5es e conversas em ferramentas de comunica\u00e7\u00e3o ou ao vivo que se estabelece a base da comunica\u00e7\u00e3o efetiva no trabalho e se constr\u00f3i <strong>pontes capazes de diminuir as dist\u00e2ncias geogr\u00e1ficas, culturais e sociais que separam times globais<\/strong>.&nbsp;<\/p>\n\n\n\n<p>Alguns dos desdobramentos da comunica\u00e7\u00e3o efetiva no dia a dia s\u00e3o:<\/p>\n\n\n\n<ul class=\"wp-block-list\">\n<li>Est\u00edmulo \u00e0 criatividade e melhor fluxo da informa\u00e7\u00e3o, com pessoas que n\u00e3o t\u00eam dificuldade em comunicar suas ideias e tirar d\u00favidas quando necess\u00e1rio, da mesma forma que o fariam em suas l\u00ednguas nativas;<\/li>\n\n\n\n<li>Compartilhamento de conhecimento e dissemina\u00e7\u00e3o de boas pr\u00e1ticas e processos entre as equipes;<\/li>\n\n\n\n<li>Entrega de projetos com mais qualidade e velocidade, como apresenta\u00e7\u00f5es e comunicados mais atraentes para colegas e clientes;<\/li>\n\n\n\n<li>Oportunidades para pessoas de representarem o time em reuni\u00f5es com clientes ou apresenta\u00e7\u00f5es corporativas;<\/li>\n\n\n\n<li>Cria\u00e7\u00e3o de espa\u00e7os de socializa\u00e7\u00e3o e engajamento em conversas informais e bate-papos que desenvolvem valores como a empatia e o carisma, contribuindo para aumentar a satisfa\u00e7\u00e3o das pessoas com o trabalho e a empresa;<\/li>\n\n\n\n<li>Comunica\u00e7\u00e3o mais r\u00e1pida e efetiva em ferramentas de comunica\u00e7\u00e3o como o Slack, o Skype ou o Teams, mesmo que ass\u00edncrona (que n\u00e3o acontece em tempo real);<\/li>\n\n\n\n<li>Capacidade de escuta ativa e compreens\u00e3o de sotaques variados.<\/li>\n<\/ul>\n\n\n\n<h3 class=\"wp-block-heading\"><strong>2. Comunica\u00e7\u00e3o da lideran\u00e7a para os times<\/strong><\/h3>\n\n\n\n<p>Um dos principais pap\u00e9is das lideran\u00e7as nas organiza\u00e7\u00f5es \u00e9 <strong>desdobrar os objetivos mais amplos do neg\u00f3cio em itens acion\u00e1veis para cada uma das pessoas do time<\/strong>, e por isso a comunica\u00e7\u00e3o efetiva no trabalho \u00e9 uma caracter\u00edstica essencial da lideran\u00e7as da atualidade, especialmente em times que atuam em um contexto global.<\/p>\n\n\n\n<p>\u00c9 papel da lideran\u00e7a fazer toda a equipe compreender o que est\u00e1 sendo dito, evitando brechas para desentendimentos e m\u00e1 interpreta\u00e7\u00e3o.&nbsp;<\/p>\n\n\n\n<p>Na lideran\u00e7a, a comunica\u00e7\u00e3o efetiva se d\u00e1 em alguns pontos:<\/p>\n\n\n\n<ul class=\"wp-block-list\">\n<li>Comunicar os valores, objetivos, vis\u00e3o e mudan\u00e7as na organiza\u00e7\u00e3o, conduzindo conversas dif\u00edceis com o grupo e individualmente quando necess\u00e1rio sem criar frustra\u00e7\u00e3o e desconfian\u00e7a;<\/li>\n\n\n\n<li>L\u00edderes que se comunicam bem passam confian\u00e7a ao time e inspiram as pessoas a tomarem a\u00e7\u00e3o e se engajarem nos projetos;<\/li>\n\n\n\n<li>Proporcionar oportunidades de mobilidade interna ao time, possibilitando que pessoas possam se candidatar a vagas que exigem comunica\u00e7\u00e3o constante e efetiva em ingl\u00eas e habilidade de <a href=\"\/?page_id=26412\">liderar em uma l\u00edngua n\u00e3o nativa<\/a>;<\/li>\n\n\n\n<li>Apresentar planos e propostas de forma confiante para clientes e parceiros globais<\/li>\n\n\n\n<li>Criar um processo bem orquestrado de onboarding para os novos membros do time, fazendo com que as pessoas se sintam envolvidas rapidamente;&nbsp;<\/li>\n\n\n\n<li>Possibilidade de aceitar pap\u00e9is de lideran\u00e7a maiores.<\/li>\n<\/ul>\n\n\n\n<h3 class=\"wp-block-heading\">3. <strong>Comunica\u00e7\u00e3o para disseminar a cultura da empresa<\/strong><\/h3>\n\n\n\n<p>Um dos maiores desafios com o aumento de empresas trabalhando em regimes de trabalho <a href=\"https:\/\/www.quantumworkplace.com\/future-of-work\/remote-work-statistics\">remotos<\/a>, h\u00edbridos e ass\u00edncronos \u00e9 a dissemina\u00e7\u00e3o da cultura da empresa nesses cen\u00e1rios.<\/p>\n\n\n\n<p>Empresas com uma cultura forte que \u00e9 facilmente entendida, percebida e disseminada tem times mais envolvidos e engajados com o sucesso da companhia.<\/p>\n\n\n\n<p>Veja algumas formas de desdobramento da cultura da empresa que est\u00e3o fortemente associadas com uma comunica\u00e7\u00e3o efetiva no trabalho:<\/p>\n\n\n\n<ul class=\"wp-block-list\">\n<li>Forma\u00e7\u00e3o de comunidades de aprendizagem e grupos de discuss\u00e3o ao redor de temas importantes e alinhados com os valores e cultura da empresa como <a href=\"https:\/\/voxy.com\/pt-br\/blog\/principios-esg\/\">iniciativas ambientais e sociais<\/a>;<\/li>\n\n\n\n<li>Inclus\u00e3o de todas as formas de diversidade no time, para que todas as pessoas sintam-se parte do grupo e compreendidas nos seus contextos diferentes<\/li>\n\n\n\n<li>Oportunidades para que as pessoas desenvolvam skills que s\u00e3o importantes n\u00e3o apenas para a comunica\u00e7\u00e3o efetiva no trabalho mas tamb\u00e9m para melhorar a comunica\u00e7\u00e3o em suas vidas pessoais, melhorando o relacionamento com a empresa, a carreira e as pessoas da conviv\u00eancia di\u00e1ria<\/li>\n\n\n\n<li>Constru\u00e7\u00e3o de uma mentalidade de <a href=\"https:\/\/voxy.com\/pt-br\/blog\/lifelong-learning\/\">lifelong learning<\/a>, para atrair e reter talentos com a mente aberta, dispostos a questionar e buscar solu\u00e7\u00f5es positivas para os desafios da empresa.<\/li>\n<\/ul>\n\n\n\n<hr class=\"wp-block-separator has-text-color has-white-color has-alpha-channel-opacity has-white-background-color has-background\"\/>\n\n\n\n<p>Aprofundar o conhecimento em comunica\u00e7\u00e3o efetiva \u00e9 um interesse de times e empresas comprometidos com com as pessoas que as comp\u00f5em e seus resultados e com o futuro.&nbsp;<\/p>\n\n\n\n<p>O ingl\u00eas \u00e9 a l\u00edngua que conecta o mundo dos neg\u00f3cios, e na Voxy o seu time desenvolve habilidades de comunica\u00e7\u00e3o efetiva no trabalho \u00fateis no dia a dia, com conhecimento que pode ser aplicado na pr\u00e1tica nas tarefas que fazem mais sentido para cada fun\u00e7\u00e3o.<\/p>\n\n\n\n<p><a href=\"https:\/\/learn.voxy.com\/demo-pt.html\">Agende um bate-papo com uma pessoa da Voxy<\/a> para entender como o time pode ganhar flu\u00eancia na comunica\u00e7\u00e3o em Ingl\u00eas de neg\u00f3cios para alta performance no mercado global.<\/p>\n","protected":false},"excerpt":{"rendered":"<p>Desenvolver a comunica\u00e7\u00e3o efetiva no trabalho \u00e9 uma habilidade cada vez mais importante para que as pessoas trabalhem bem em equipe e possam atingir resultados juntas, especialmente com a comunica\u00e7\u00e3o remota e ass\u00edncrona se tornando mais comum no mundo corporativo. Nesse artigo, voc\u00ea vai ver os 3 pilares da comunica\u00e7\u00e3o efetiva no trabalho para times [&#8230;]\n","protected":false},"author":70,"featured_media":118266,"comment_status":"closed","ping_status":"closed","sticky":false,"template":"","format":"standard","meta":{"footnotes":""},"categories":[734],"tags":[],"class_list":["post-118240","post","type-post","status-publish","format-standard","has-post-thumbnail","hentry","category-tendencias-e-insights-para-rh"],"yoast_head":"<!-- This site is optimized with the Yoast SEO plugin v26.7 - https:\/\/yoast.com\/wordpress\/plugins\/seo\/ -->\n<title>Os 3 Pilares da Comunica\u00e7\u00e3o Efetiva no Trabalho para Empresas Globais - Voxy<\/title>\n<meta name=\"description\" content=\"Fomentar uma comunica\u00e7\u00e3o efetiva no trabalho \u00e9 a chave para resultados no time. Conhe\u00e7a os 3 pilares para uma comunica\u00e7\u00e3o fluida na empresa.\" \/>\n<meta name=\"robots\" content=\"index, follow, max-snippet:-1, max-image-preview:large, max-video-preview:-1\" \/>\n<link rel=\"canonical\" href=\"https:\/\/voxy.com\/pt-br\/blog\/comunicacao-efetiva-no-trabalho\/\" \/>\n<meta property=\"og:locale\" content=\"pt_BR\" \/>\n<meta property=\"og:type\" content=\"article\" \/>\n<meta property=\"og:title\" content=\"Os 3 Pilares da Comunica\u00e7\u00e3o Efetiva no Trabalho para Empresas Globais - Voxy\" \/>\n<meta property=\"og:description\" content=\"Fomentar uma comunica\u00e7\u00e3o efetiva no trabalho \u00e9 a chave para resultados no time. Conhe\u00e7a os 3 pilares para uma comunica\u00e7\u00e3o fluida na empresa.\" \/>\n<meta property=\"og:url\" content=\"https:\/\/voxy.com\/pt-br\/blog\/comunicacao-efetiva-no-trabalho\/\" \/>\n<meta property=\"og:site_name\" content=\"Voxy\" \/>\n<meta property=\"article:publisher\" content=\"https:\/\/www.facebook.com\/goVOXY\/\" \/>\n<meta property=\"article:published_time\" content=\"2023-02-15T19:29:03+00:00\" \/>\n<meta property=\"article:modified_time\" content=\"2024-10-10T14:34:44+00:00\" \/>\n<meta property=\"og:image\" content=\"https:\/\/voxy.com\/wp-content\/uploads\/2023\/02\/comunicacao-efetiva-no-trabalho-3-scaled-e1676489695674.jpeg\" \/>\n\t<meta property=\"og:image:width\" content=\"1200\" \/>\n\t<meta property=\"og:image:height\" content=\"801\" \/>\n\t<meta property=\"og:image:type\" content=\"image\/jpeg\" \/>\n<meta name=\"author\" content=\"Mariana Montezzana\" \/>\n<meta name=\"twitter:card\" content=\"summary_large_image\" \/>\n<meta name=\"twitter:creator\" content=\"@Voxy\" \/>\n<meta name=\"twitter:site\" content=\"@Voxy\" \/>\n<meta name=\"twitter:label1\" content=\"Escrito por\" \/>\n\t<meta name=\"twitter:data1\" content=\"Mariana Montezzana\" \/>\n\t<meta name=\"twitter:label2\" content=\"Est. tempo de leitura\" \/>\n\t<meta name=\"twitter:data2\" content=\"6 minutos\" \/>\n<script type=\"application\/ld+json\" class=\"yoast-schema-graph\">{\"@context\":\"https:\/\/schema.org\",\"@graph\":[{\"@type\":\"Article\",\"@id\":\"https:\/\/voxy.com\/pt-br\/blog\/comunicacao-efetiva-no-trabalho\/#article\",\"isPartOf\":{\"@id\":\"https:\/\/voxy.com\/pt-br\/blog\/comunicacao-efetiva-no-trabalho\/\"},\"author\":{\"name\":\"Mariana Montezzana\",\"@id\":\"https:\/\/voxy.com\/pt-br\/#\/schema\/person\/d981ecde0e3644877b94ef3029d1ee84\"},\"headline\":\"Os 3 Pilares da Comunica\u00e7\u00e3o Efetiva no Trabalho para Empresas Globais\",\"datePublished\":\"2023-02-15T19:29:03+00:00\",\"dateModified\":\"2024-10-10T14:34:44+00:00\",\"mainEntityOfPage\":{\"@id\":\"https:\/\/voxy.com\/pt-br\/blog\/comunicacao-efetiva-no-trabalho\/\"},\"wordCount\":1324,\"image\":{\"@id\":\"https:\/\/voxy.com\/pt-br\/blog\/comunicacao-efetiva-no-trabalho\/#primaryimage\"},\"thumbnailUrl\":\"https:\/\/voxy.com\/wp-content\/uploads\/2023\/02\/comunicacao-efetiva-no-trabalho-3-scaled-e1676489695674.jpeg\",\"articleSection\":[\"Tend\u00eancias &amp; Insights Para RH\"],\"inLanguage\":\"pt-BR\"},{\"@type\":\"WebPage\",\"@id\":\"https:\/\/voxy.com\/pt-br\/blog\/comunicacao-efetiva-no-trabalho\/\",\"url\":\"https:\/\/voxy.com\/pt-br\/blog\/comunicacao-efetiva-no-trabalho\/\",\"name\":\"Os 3 Pilares da Comunica\u00e7\u00e3o Efetiva no Trabalho para Empresas Globais - Voxy\",\"isPartOf\":{\"@id\":\"https:\/\/voxy.com\/pt-br\/#website\"},\"primaryImageOfPage\":{\"@id\":\"https:\/\/voxy.com\/pt-br\/blog\/comunicacao-efetiva-no-trabalho\/#primaryimage\"},\"image\":{\"@id\":\"https:\/\/voxy.com\/pt-br\/blog\/comunicacao-efetiva-no-trabalho\/#primaryimage\"},\"thumbnailUrl\":\"https:\/\/voxy.com\/wp-content\/uploads\/2023\/02\/comunicacao-efetiva-no-trabalho-3-scaled-e1676489695674.jpeg\",\"datePublished\":\"2023-02-15T19:29:03+00:00\",\"dateModified\":\"2024-10-10T14:34:44+00:00\",\"author\":{\"@id\":\"https:\/\/voxy.com\/pt-br\/#\/schema\/person\/d981ecde0e3644877b94ef3029d1ee84\"},\"description\":\"Fomentar uma comunica\u00e7\u00e3o efetiva no trabalho \u00e9 a chave para resultados no time. Conhe\u00e7a os 3 pilares para uma comunica\u00e7\u00e3o fluida na empresa.\",\"breadcrumb\":{\"@id\":\"https:\/\/voxy.com\/pt-br\/blog\/comunicacao-efetiva-no-trabalho\/#breadcrumb\"},\"inLanguage\":\"pt-BR\",\"potentialAction\":[{\"@type\":\"ReadAction\",\"target\":[\"https:\/\/voxy.com\/pt-br\/blog\/comunicacao-efetiva-no-trabalho\/\"]}]},{\"@type\":\"ImageObject\",\"inLanguage\":\"pt-BR\",\"@id\":\"https:\/\/voxy.com\/pt-br\/blog\/comunicacao-efetiva-no-trabalho\/#primaryimage\",\"url\":\"https:\/\/voxy.com\/wp-content\/uploads\/2023\/02\/comunicacao-efetiva-no-trabalho-3-scaled-e1676489695674.jpeg\",\"contentUrl\":\"https:\/\/voxy.com\/wp-content\/uploads\/2023\/02\/comunicacao-efetiva-no-trabalho-3-scaled-e1676489695674.jpeg\",\"width\":1200,\"height\":801,\"caption\":\"comunica\u00e7\u00e3o efetiva no trabalho\"},{\"@type\":\"BreadcrumbList\",\"@id\":\"https:\/\/voxy.com\/pt-br\/blog\/comunicacao-efetiva-no-trabalho\/#breadcrumb\",\"itemListElement\":[{\"@type\":\"ListItem\",\"position\":1,\"name\":\"Home\",\"item\":\"https:\/\/voxy.com\/\"},{\"@type\":\"ListItem\",\"position\":2,\"name\":\"Os 3 Pilares da Comunica\u00e7\u00e3o Efetiva no Trabalho para Empresas Globais\"}]},{\"@type\":\"WebSite\",\"@id\":\"https:\/\/voxy.com\/pt-br\/#website\",\"url\":\"https:\/\/voxy.com\/pt-br\/\",\"name\":\"Voxy\",\"description\":\"Changing the way the world learns English\",\"potentialAction\":[{\"@type\":\"SearchAction\",\"target\":{\"@type\":\"EntryPoint\",\"urlTemplate\":\"https:\/\/voxy.com\/pt-br\/?s={search_term_string}\"},\"query-input\":{\"@type\":\"PropertyValueSpecification\",\"valueRequired\":true,\"valueName\":\"search_term_string\"}}],\"inLanguage\":\"pt-BR\"},{\"@type\":\"Person\",\"@id\":\"https:\/\/voxy.com\/pt-br\/#\/schema\/person\/d981ecde0e3644877b94ef3029d1ee84\",\"name\":\"Mariana Montezzana\",\"image\":{\"@type\":\"ImageObject\",\"inLanguage\":\"pt-BR\",\"@id\":\"https:\/\/voxy.com\/pt-br\/#\/schema\/person\/image\/\",\"url\":\"https:\/\/voxy.com\/wp-content\/litespeed\/avatar\/6d8dc107e26cdc252055f1793e24d67b.jpg?ver=1776857794\",\"contentUrl\":\"https:\/\/voxy.com\/wp-content\/litespeed\/avatar\/6d8dc107e26cdc252055f1793e24d67b.jpg?ver=1776857794\",\"caption\":\"Mariana Montezzana\"}}]}<\/script>\n<!-- \/ Yoast SEO plugin. -->","yoast_head_json":{"title":"Os 3 Pilares da Comunica\u00e7\u00e3o Efetiva no Trabalho para Empresas Globais - Voxy","description":"Fomentar uma comunica\u00e7\u00e3o efetiva no trabalho \u00e9 a chave para resultados no time. Conhe\u00e7a os 3 pilares para uma comunica\u00e7\u00e3o fluida na empresa.","robots":{"index":"index","follow":"follow","max-snippet":"max-snippet:-1","max-image-preview":"max-image-preview:large","max-video-preview":"max-video-preview:-1"},"canonical":"https:\/\/voxy.com\/pt-br\/blog\/comunicacao-efetiva-no-trabalho\/","og_locale":"pt_BR","og_type":"article","og_title":"Os 3 Pilares da Comunica\u00e7\u00e3o Efetiva no Trabalho para Empresas Globais - Voxy","og_description":"Fomentar uma comunica\u00e7\u00e3o efetiva no trabalho \u00e9 a chave para resultados no time. Conhe\u00e7a os 3 pilares para uma comunica\u00e7\u00e3o fluida na empresa.","og_url":"https:\/\/voxy.com\/pt-br\/blog\/comunicacao-efetiva-no-trabalho\/","og_site_name":"Voxy","article_publisher":"https:\/\/www.facebook.com\/goVOXY\/","article_published_time":"2023-02-15T19:29:03+00:00","article_modified_time":"2024-10-10T14:34:44+00:00","og_image":[{"width":1200,"height":801,"url":"https:\/\/voxy.com\/wp-content\/uploads\/2023\/02\/comunicacao-efetiva-no-trabalho-3-scaled-e1676489695674.jpeg","type":"image\/jpeg"}],"author":"Mariana Montezzana","twitter_card":"summary_large_image","twitter_creator":"@Voxy","twitter_site":"@Voxy","twitter_misc":{"Escrito por":"Mariana Montezzana","Est. tempo de leitura":"6 minutos"},"schema":{"@context":"https:\/\/schema.org","@graph":[{"@type":"Article","@id":"https:\/\/voxy.com\/pt-br\/blog\/comunicacao-efetiva-no-trabalho\/#article","isPartOf":{"@id":"https:\/\/voxy.com\/pt-br\/blog\/comunicacao-efetiva-no-trabalho\/"},"author":{"name":"Mariana Montezzana","@id":"https:\/\/voxy.com\/pt-br\/#\/schema\/person\/d981ecde0e3644877b94ef3029d1ee84"},"headline":"Os 3 Pilares da Comunica\u00e7\u00e3o Efetiva no Trabalho para Empresas Globais","datePublished":"2023-02-15T19:29:03+00:00","dateModified":"2024-10-10T14:34:44+00:00","mainEntityOfPage":{"@id":"https:\/\/voxy.com\/pt-br\/blog\/comunicacao-efetiva-no-trabalho\/"},"wordCount":1324,"image":{"@id":"https:\/\/voxy.com\/pt-br\/blog\/comunicacao-efetiva-no-trabalho\/#primaryimage"},"thumbnailUrl":"https:\/\/voxy.com\/wp-content\/uploads\/2023\/02\/comunicacao-efetiva-no-trabalho-3-scaled-e1676489695674.jpeg","articleSection":["Tend\u00eancias &amp; Insights Para RH"],"inLanguage":"pt-BR"},{"@type":"WebPage","@id":"https:\/\/voxy.com\/pt-br\/blog\/comunicacao-efetiva-no-trabalho\/","url":"https:\/\/voxy.com\/pt-br\/blog\/comunicacao-efetiva-no-trabalho\/","name":"Os 3 Pilares da Comunica\u00e7\u00e3o Efetiva no Trabalho para Empresas Globais - Voxy","isPartOf":{"@id":"https:\/\/voxy.com\/pt-br\/#website"},"primaryImageOfPage":{"@id":"https:\/\/voxy.com\/pt-br\/blog\/comunicacao-efetiva-no-trabalho\/#primaryimage"},"image":{"@id":"https:\/\/voxy.com\/pt-br\/blog\/comunicacao-efetiva-no-trabalho\/#primaryimage"},"thumbnailUrl":"https:\/\/voxy.com\/wp-content\/uploads\/2023\/02\/comunicacao-efetiva-no-trabalho-3-scaled-e1676489695674.jpeg","datePublished":"2023-02-15T19:29:03+00:00","dateModified":"2024-10-10T14:34:44+00:00","author":{"@id":"https:\/\/voxy.com\/pt-br\/#\/schema\/person\/d981ecde0e3644877b94ef3029d1ee84"},"description":"Fomentar uma comunica\u00e7\u00e3o efetiva no trabalho \u00e9 a chave para resultados no time. Conhe\u00e7a os 3 pilares para uma comunica\u00e7\u00e3o fluida na empresa.","breadcrumb":{"@id":"https:\/\/voxy.com\/pt-br\/blog\/comunicacao-efetiva-no-trabalho\/#breadcrumb"},"inLanguage":"pt-BR","potentialAction":[{"@type":"ReadAction","target":["https:\/\/voxy.com\/pt-br\/blog\/comunicacao-efetiva-no-trabalho\/"]}]},{"@type":"ImageObject","inLanguage":"pt-BR","@id":"https:\/\/voxy.com\/pt-br\/blog\/comunicacao-efetiva-no-trabalho\/#primaryimage","url":"https:\/\/voxy.com\/wp-content\/uploads\/2023\/02\/comunicacao-efetiva-no-trabalho-3-scaled-e1676489695674.jpeg","contentUrl":"https:\/\/voxy.com\/wp-content\/uploads\/2023\/02\/comunicacao-efetiva-no-trabalho-3-scaled-e1676489695674.jpeg","width":1200,"height":801,"caption":"comunica\u00e7\u00e3o efetiva no trabalho"},{"@type":"BreadcrumbList","@id":"https:\/\/voxy.com\/pt-br\/blog\/comunicacao-efetiva-no-trabalho\/#breadcrumb","itemListElement":[{"@type":"ListItem","position":1,"name":"Home","item":"https:\/\/voxy.com\/"},{"@type":"ListItem","position":2,"name":"Os 3 Pilares da Comunica\u00e7\u00e3o Efetiva no Trabalho para Empresas Globais"}]},{"@type":"WebSite","@id":"https:\/\/voxy.com\/pt-br\/#website","url":"https:\/\/voxy.com\/pt-br\/","name":"Voxy","description":"Changing the way the world learns English","potentialAction":[{"@type":"SearchAction","target":{"@type":"EntryPoint","urlTemplate":"https:\/\/voxy.com\/pt-br\/?s={search_term_string}"},"query-input":{"@type":"PropertyValueSpecification","valueRequired":true,"valueName":"search_term_string"}}],"inLanguage":"pt-BR"},{"@type":"Person","@id":"https:\/\/voxy.com\/pt-br\/#\/schema\/person\/d981ecde0e3644877b94ef3029d1ee84","name":"Mariana Montezzana","image":{"@type":"ImageObject","inLanguage":"pt-BR","@id":"https:\/\/voxy.com\/pt-br\/#\/schema\/person\/image\/","url":"https:\/\/voxy.com\/wp-content\/litespeed\/avatar\/6d8dc107e26cdc252055f1793e24d67b.jpg?ver=1776857794","contentUrl":"https:\/\/voxy.com\/wp-content\/litespeed\/avatar\/6d8dc107e26cdc252055f1793e24d67b.jpg?ver=1776857794","caption":"Mariana Montezzana"}}]}},"_links":{"self":[{"href":"https:\/\/voxy.com\/pt-br\/wp-json\/wp\/v2\/posts\/118240","targetHints":{"allow":["GET"]}}],"collection":[{"href":"https:\/\/voxy.com\/pt-br\/wp-json\/wp\/v2\/posts"}],"about":[{"href":"https:\/\/voxy.com\/pt-br\/wp-json\/wp\/v2\/types\/post"}],"author":[{"embeddable":true,"href":"https:\/\/voxy.com\/pt-br\/wp-json\/wp\/v2\/users\/70"}],"replies":[{"embeddable":true,"href":"https:\/\/voxy.com\/pt-br\/wp-json\/wp\/v2\/comments?post=118240"}],"version-history":[{"count":0,"href":"https:\/\/voxy.com\/pt-br\/wp-json\/wp\/v2\/posts\/118240\/revisions"}],"wp:featuredmedia":[{"embeddable":true,"href":"https:\/\/voxy.com\/pt-br\/wp-json\/wp\/v2\/media\/118266"}],"wp:attachment":[{"href":"https:\/\/voxy.com\/pt-br\/wp-json\/wp\/v2\/media?parent=118240"}],"wp:term":[{"taxonomy":"category","embeddable":true,"href":"https:\/\/voxy.com\/pt-br\/wp-json\/wp\/v2\/categories?post=118240"},{"taxonomy":"post_tag","embeddable":true,"href":"https:\/\/voxy.com\/pt-br\/wp-json\/wp\/v2\/tags?post=118240"}],"curies":[{"name":"wp","href":"https:\/\/api.w.org\/{rel}","templated":true}]}}