{"id":117677,"date":"2024-12-17T15:05:32","date_gmt":"2024-12-17T20:05:32","guid":{"rendered":"https:\/\/voxy.com\/?p=117677"},"modified":"2024-12-18T08:50:40","modified_gmt":"2024-12-18T13:50:40","slug":"tendencias-de-aprendizaje-y-desarrollo","status":"publish","type":"post","link":"https:\/\/voxy.com\/es\/blog\/tendencias-de-aprendizaje-y-desarrollo\/","title":{"rendered":"10 Tendencias de Capacitaci\u00f3n y Desarrollo Corporativo para el 2025"},"content":{"rendered":"<\/h2>\r\n<p><span style=\"font-weight: 400;\">En nuestra encuesta anual realizada con profesionales de desarrollo de personas de grandes empresas alrededor del mundo, les preguntamos sobre sus expectativas en cuanto a las inversiones en capacitaci\u00f3n y desarrollo para el pr\u00f3ximo a\u00f1o, y los resultados son innegablemente optimistas.\u00a0<\/span><\/p>\r\n<p><span style=\"font-weight: 400;\">La <\/span><b>encuesta <\/b><span style=\"font-weight: 400;\">revel\u00f3 que el <\/span><b>48% de los profesionales de Aprendizaje y Desarrollo esperan un aumento en sus<\/b> <a href=\"https:\/\/voxy.com\/blog\/td-budget\/\" target=\"_blank\" rel=\"noopener\"><b>presupuestos<\/b><\/a><span style=\"font-weight: 400;\"> para el 2025, un salto significativo en comparaci\u00f3n con el 33% del a\u00f1o pasado. Este crecimiento presupuestario representa una oportunidad de oro para que los profesionales de capacitaci\u00f3n y desarrollo piensen estrat\u00e9gicamente sobre c\u00f3mo asignar estos recursos para <\/span><b>maximizar el impacto y preparar a los equipos para los desaf\u00edos futuros.<\/b><\/p>\r\n<p><span style=\"font-weight: 400;\">Seg\u00fan lo observado hasta ahora, est\u00e1 claro que el enfoque no debe centrarse \u00fanicamente en la capacitaci\u00f3n t\u00e9cnica, sino tambi\u00e9n en<\/span><b> mejorar las habilidades interpersonales<\/b><span style=\"font-weight: 400;\">, tales como la <\/span><a href=\"https:\/\/voxy.com\/blog\/communication-skills\/\" target=\"_blank\" rel=\"noopener\"><span style=\"font-weight: 400;\">comunicaci\u00f3n<\/span><\/a><span style=\"font-weight: 400;\">, la resoluci\u00f3n de conflictos y la <\/span><a href=\"https:\/\/voxy.com\/blog\/collaboration-at-work\/\" target=\"_blank\" rel=\"noopener\"><span style=\"font-weight: 400;\">colaboraci\u00f3n<\/span><\/a><span style=\"font-weight: 400;\">. Este enfoque ayudar\u00e1 a las empresas a construir una fuerza laboral que no solo sea competente, sino tambi\u00e9n <\/span><b>adaptable <\/b><span style=\"font-weight: 400;\">y <\/span><b>resiliente<\/b><span style=\"font-weight: 400;\">.<\/span><\/p>\r\n\t\t<div data-elementor-type=\"container\" data-elementor-id=\"132071\" class=\"elementor elementor-132071\" data-elementor-post-type=\"elementor_library\">\n\t\t\t\t<div class=\"elementor-element elementor-element-41fdeb3 e-flex e-con-boxed e-con e-parent\" data-id=\"41fdeb3\" data-element_type=\"container\">\n\t\t\t\t\t<div class=\"e-con-inner\">\n\t\t\t\t<div class=\"elementor-element elementor-element-113e230 elementor-widget elementor-widget-image\" data-id=\"113e230\" data-element_type=\"widget\" data-widget_type=\"image.default\">\n\t\t\t\t<div class=\"elementor-widget-container\">\n\t\t\t\t\t\t\t\t\t\t\t\t\t\t\t\t<a href=\"https:\/\/learn.voxy.com\/global-benchmark-survey-2025-es.html?utm_source=website&#038;utm_medium=blog&#038;utm_campaign=global-benchmark-survey-2025&#038;utm_content=blogpost-banner-es\" target=\"_blank\">\n\t\t\t\t\t\t\t<img fetchpriority=\"high\" decoding=\"async\" width=\"1020\" height=\"408\" src=\"https:\/\/voxy.com\/wp-content\/uploads\/2024\/12\/ES-5.png\" class=\"attachment-large size-large wp-image-132072\" alt=\"\" srcset=\"https:\/\/voxy.com\/wp-content\/uploads\/2024\/12\/ES-5.png 1024w, https:\/\/voxy.com\/wp-content\/uploads\/2024\/12\/ES-5-300x120.png 300w, https:\/\/voxy.com\/wp-content\/uploads\/2024\/12\/ES-5-768x308.png 768w, https:\/\/voxy.com\/wp-content\/uploads\/2024\/12\/ES-5-150x60.png 150w\" sizes=\"(max-width: 1020px) 100vw, 1020px\" \/>\t\t\t\t\t\t\t\t<\/a>\n\t\t\t\t\t\t\t\t\t\t\t\t\t\t\t<\/div>\n\t\t\t\t<\/div>\n\t\t\t\t\t<\/div>\n\t\t\t\t<\/div>\n\t\t\t\t<\/div>\n\t\t\r\n<h2><\/h2>\r\n<h2 id=\"desarrollo-liderazgo\" class=\"wp-block-heading\"><strong>8<\/strong><strong>. El Desarrollo de Liderazgo Toma Prioridad<\/strong><\/h2>\r\n<h2>\r\n\r\n\r\n\r\n<\/h2>\r\n<p><b>El desarrollo del liderazgo ha sido identificado como el mayor desaf\u00edo para el 2025. <\/b><span style=\"font-weight: 400;\">Seg\u00fan la <\/span><a href=\"https:\/\/learn.voxy.com\/global-benchmark-survey-2025.html\" target=\"_blank\" rel=\"noopener\"><span style=\"font-weight: 400;\">encuesta de Voxy<\/span><\/a><span style=\"font-weight: 400;\">, invertir en l\u00edderes efectivos ser\u00e1 crucial para el \u00e9xito organizacional.<\/span><\/p>\r\n<p><span style=\"font-weight: 400;\">A pesar de las significativas <\/span><a href=\"https:\/\/hbr.org\/2023\/02\/what-makes-leadership-development-programs-succeed\" target=\"_blank\" rel=\"noopener\"><span style=\"font-weight: 400;\">inversiones globales<\/span><\/a><span style=\"font-weight: 400;\">\u2014aproximadamente $60 mil millones anuales en programas de liderazgo\u2014los resultados concretos siguen siendo limitados: solo 10% de los programas generan impactos medibles. Esto resalta un problema estructural en los m\u00e9todos tradicionales de capacitaci\u00f3n de liderazgo, los cuales a menudo carecen de la personalizaci\u00f3n y relevancia necesarias para satisfacer las demandas del mercado actual.<\/span><\/p>\r\n<h2>\r\n\r\n<\/h2>\r\n<figure class=\"wp-block-image aligncenter is-resized\"><img decoding=\"async\" src=\"https:\/\/voxy.com\/wp-content\/uploads\/2023\/10\/Encuesta-Global-de-Referencia-en-LD-2025-3-300x169.png\" alt=\"Gr\u00e1fica ilustrativa que muestra que aproximadamente $60 mil millones se invierten anualmente en programas de liderazgo, aun as\u00ed, los resultados concretos siguen siendo limitados: solo el 10% de los programas genera impactos medibles.\" width=\"1042\" height=\"587\" class=\"alignnone  wp-image-132101\" srcset=\"https:\/\/voxy.com\/wp-content\/uploads\/2023\/10\/Encuesta-Global-de-Referencia-en-LD-2025-3-300x169.png 300w, https:\/\/voxy.com\/wp-content\/uploads\/2023\/10\/Encuesta-Global-de-Referencia-en-LD-2025-3-1024x576.png 1024w, https:\/\/voxy.com\/wp-content\/uploads\/2023\/10\/Encuesta-Global-de-Referencia-en-LD-2025-3-768x432.png 768w, https:\/\/voxy.com\/wp-content\/uploads\/2023\/10\/Encuesta-Global-de-Referencia-en-LD-2025-3-1536x864.png 1536w, https:\/\/voxy.com\/wp-content\/uploads\/2023\/10\/Encuesta-Global-de-Referencia-en-LD-2025-3-150x84.png 150w, https:\/\/voxy.com\/wp-content\/uploads\/2023\/10\/Encuesta-Global-de-Referencia-en-LD-2025-3.png 1920w\" sizes=\"(max-width: 1042px) 100vw, 1042px\" \/><\/figure>\r\n<h2>\r\n\r\n<\/h2>\r\n<p><b>Un aspecto cr\u00edtico de este escenario es la necesidad de adaptar los programas de liderazgo a un contexto organizacional. <\/b><span style=\"font-weight: 400;\">Esto significa alinear la capacitaci\u00f3n con las metas estrat\u00e9gicas de la empresa, considerando las tendencias emergentes, nuevas tecnolog\u00edas y los cambios r\u00e1pidos del entorno empresarial. Adem\u00e1s, los <\/span><a href=\"https:\/\/voxy.com\/blog\/leadership-training\/\" target=\"_blank\" rel=\"noopener\"><span style=\"font-weight: 400;\">programas de capacitaci\u00f3n en liderazgo<\/span><\/a><span style=\"font-weight: 400;\"> que incorporan las<\/span><b> habilidades anal\u00edticas<\/b><span style=\"font-weight: 400;\"> permiten a los l\u00edderes priorizar tareas de alto impacto, fomentando una carga laboral manejable y eficiente.\u00a0<\/span><\/p>\r\n<p><span style=\"font-weight: 400;\">Para abordar esto, las organizaciones deben adoptar <\/span><a href=\"https:\/\/voxy.com\/blog\/leadership-development-program\/\" target=\"_blank\" rel=\"noopener\"><span style=\"font-weight: 400;\">metodolog\u00edas personalizadas<\/span><\/a><span style=\"font-weight: 400;\"> que combinen el <\/span><b>aprendizaje pr\u00e1ctico, las mentor\u00edas y la flexibilidad<\/b><span style=\"font-weight: 400;\">. Programas de liderazgo exitosos requieren un enfoque hol\u00edstico, integrando el aprendizaje continuo con experiencias pr\u00e1cticas. El uso de herramientas digitales para monitorear el progreso de los l\u00edderes tambi\u00e9n es esencial.<\/span><\/p>\r\n<h2>\r\n\r\n<\/h2>\r\n<h2 id=\"aprendizaje-continuo\" class=\"wp-block-heading\"><strong>9. Aprendizaje Continuo y Autonom\u00eda<\/strong><\/h2>\r\n<h2>\r\n\r\n<\/h2>\r\n<p><span style=\"font-weight: 400;\">La autonom\u00eda en el aprendizaje es esencial para la participaci\u00f3n de los empleados. <\/span><b>El aprendizaje obligatorio o prescrito a menudo falla en generar el compromiso necesario para que los empleados se involucren verdaderamente en el proceso de desarrollo.<\/b><span style=\"font-weight: 400;\"> El aprendizaje autodirigido, en el que los empleados tienen el poder de elegir sus rutas de aprendizaje y aplicarlas en el flujo del trabajo (<\/span><a href=\"https:\/\/www.linkedin.com\/pulse\/learning-flow-work-ryan-blacklock\/\" target=\"_blank\" rel=\"noopener\"><span style=\"font-weight: 400;\">Aprendizaje en el Flujo del Trabajo<\/span><\/a><span style=\"font-weight: 400;\">) <\/span><b>se est\u00e1 convirtiendo en una tendencia dominante en la capacitaci\u00f3n y el desarrollo.\u00a0<\/b><\/p>\r\n<p><span style=\"font-weight: 400;\">Este enfoque permite a los empleados personalizar sus rutas de aprendizaje seg\u00fan sus necesidades, enfoc\u00e1ndose en las habilidades que impactan directamente en sus roles. Modelos tales como el <\/span><b>microaprendizaje <\/b><span style=\"font-weight: 400;\">y <\/span><a href=\"https:\/\/voxy.com\/\" target=\"_blank\" rel=\"noopener\"><span style=\"font-weight: 400;\">plataformas de aprendizaje bajo demanda<\/span><\/a><span style=\"font-weight: 400;\"> son herramientas poderosas que ofrecen <\/span><b>contenido accesible y personalizado<\/b><span style=\"font-weight: 400;\">. Estos formatos brindan a los empleados la flexibilidad de integrar el aprendizaje en sus rutinas, aprendiendo a su propio ritmo mientras que se alinean con las demandas de un mercado en constante evoluci\u00f3n.\u00a0<\/span><\/p>\r\n<p><span style=\"font-weight: 400;\">Sin embargo, la autonom\u00eda en el aprendizaje no significa falta de apoyo. Para asegurar la <\/span><a href=\"https:\/\/voxy.com\/blog\/employee-engagement-in-training\/\" target=\"_blank\" rel=\"noopener\"><span style=\"font-weight: 400;\">participaci\u00f3n<\/span><\/a><span style=\"font-weight: 400;\">, los equipos de Aprendizaje y Desarrollo deben crear entornos de apoyo donde las herramientas tecnol\u00f3gicas, la retroalimentaci\u00f3n continua y una cultura que valore el desarrollo sean prioridades. Estas pr\u00e1cticas ayudan a los empleados a aplicar lo que aprenden en su trabajo diario, <\/span><b>conectando sus trayectorias de aprendizaje con<\/b> <a href=\"https:\/\/voxy.com\/blog\/2021\/10\/boost-results-with-a-personalized-english-course\/\" target=\"_blank\" rel=\"noopener\"><b>resultados tangibles.<\/b><\/a><\/p>\r\n<h2>\r\n\r\n<\/h2>\r\n<h2 id=\"trabajo-proposito\" class=\"wp-block-heading\"><strong>10. Trabajo con Prop\u00f3sito: La Clave a la Participaci\u00f3n<\/strong><\/h2>\r\n<h2>\r\n\r\n<\/h2>\r\n<p><b>El concepto de la participaci\u00f3n de empleados <\/b><span style=\"font-weight: 400;\">ha sido una prioridad bien establecida por las empresas, pero en el 2025, el enfoque en el <\/span><b>trabajo significativo<\/b><span style=\"font-weight: 400;\"> promete redefinir este panorama. M\u00e1s que simplemente asegurar la satisfacci\u00f3n o la finalizaci\u00f3n de tareas, la <\/span><b>verdadera participaci\u00f3n surge cuando los empleados se conectan emocionalmente con las metas organizacionales y encuentran un prop\u00f3sito en lo que hacen.<\/b><\/p>\r\n<p><span style=\"font-weight: 400;\">Los <\/span><a href=\"https:\/\/investor.workday.com\/2024-09-10-Workday-Global-Workforce-Report-Job-Market-Tightens-as-AI-Reshapes-Hiring-Processes\" target=\"_blank\" rel=\"noopener\"><span style=\"font-weight: 400;\">estudios<\/span><\/a><span style=\"font-weight: 400;\"> recientes muestran que<\/span><b> los empleados que consideran su trabajo significativo se sienten un 37% m\u00e1s realizados<\/b><span style=\"font-weight: 400;\">, incluso en entornos de alta presi\u00f3n o con cargas de trabajo exigentes. Estos datos revelan que el impacto del trabajo con prop\u00f3sito va m\u00e1s all\u00e1 del bienestar individual, influyendo directamente en la <\/span><b>productividad <\/b><span style=\"font-weight: 400;\">y la <\/span><b>resiliencia <\/b><span style=\"font-weight: 400;\">del equipo. Para las empresas, priorizar el trabajo significativo no es solo una estrategia de retenci\u00f3n, sino un conductor esencial para un desempe\u00f1o organizacional a largo plazo.<\/span><\/p>\r\n<p><span style=\"font-weight: 400;\">En este contexto, <\/span><b>los profesionales de Aprendizaje y Desarrollo<\/b><span style=\"font-weight: 400;\"> desempe\u00f1an un papel crucial. Es necesario ir m\u00e1s all\u00e1 del <\/span><a href=\"https:\/\/voxy.com\/blog\/learning-and-development-plan\/\" target=\"_blank\" rel=\"noopener\"><span style=\"font-weight: 400;\">desarrollo<\/span><\/a><span style=\"font-weight: 400;\"> de habilidades t\u00e9cnicas e interpersonales y crear programas<\/span><b> que refuercen el alineamiento entre las metas personales de los empleados y las metas estrat\u00e9gicas de la empresa<\/b><span style=\"font-weight: 400;\">. Cuando los empleados ven una trayectoria de crecimiento que combina su progreso <\/span><a href=\"https:\/\/voxy.com\/blog\/professional-development-plan\/\" target=\"_blank\" rel=\"noopener\"><span style=\"font-weight: 400;\">individual<\/span><\/a><span style=\"font-weight: 400;\"> con el \u00e9xito organizacional, se sienten m\u00e1s valorados y motivados,<\/span><b> impulsando la participaci\u00f3n de forma natural y sostenible.<\/b><\/p>\r\n<h2>\r\n\r\n<\/h2>\r\n<h2 class=\"wp-block-heading\"><strong>Conclusi\u00f3n<\/strong><\/h2>\r\n<h2>\r\n\r\n<\/h2>\r\n<p><span style=\"font-weight: 400;\">Lo que hemos explorado y conversado hoy deja claro que el futuro de la capacitaci\u00f3n y el desarrollo ser\u00e1 formado por grandes estrategias m\u00e1s integradas. Las organizaciones que aspiren a prosperar en el 2025 necesitar\u00e1n enfoques innovadores que equilibren los avances tecnol\u00f3gicos con las necesidades humanas, fomenten el aprendizaje continuo y prioricen el desarrollo de las habilidades esenciales para el \u00e9xito individual y organizacional.<\/span><\/p>\r\n<p><span style=\"font-weight: 400;\">El panorama laboral global exige m\u00e1s que competencias t\u00e9cnicas; requiere empat\u00eda, liderazgo adaptativo y una participaci\u00f3n aut\u00e9ntica. Al adoptar pr\u00e1cticas como el aprendizaje autodirigido, el desarrollo de habilidades blandas\u2014o habilidades de poder\u2014 y la personalizaci\u00f3n de programas, las empresas pueden crear equipos a\u00fan m\u00e1s resilientes alineados con sus metas estrat\u00e9gicas.<\/span><\/p>\r\n<p><span style=\"font-weight: 400;\">Los profesionales de Aprendizaje y Desarrollo desempe\u00f1an un papel vital en esta trayectoria, liderando la transformaci\u00f3n cultural y operativa de las organizaciones. Con presupuestos aumentados y la disponibilidad de nuevas herramientas, este es el momento para pensar estrat\u00e9gicamente e invertir en iniciativas que impulsen un impacto medible y sostenible.<\/span><\/p>\r\n<p><span style=\"font-weight: 400;\">M\u00e1s que nunca, el aprendizaje corporativo no es solamente un recurso, sino un motivador de la transformaci\u00f3n y el crecimiento. Al incorporar estas tendencias en el ADN de sus empresas, los l\u00edderes y equipos estar\u00e1n listos para enfrentarse a los desaf\u00edos de un mercado de constante evoluci\u00f3n y lograr un futuro de alto rendimiento e innovaci\u00f3n.<\/span><\/p>\r\n<h2>\r\n\r\n<\/h2>\r\n<hr class=\"wp-block-separator has-alpha-channel-opacity\" \/>\r\n<h2>\r\n\r\n<\/h2>\r\n<p><em>Voxy ofrece capacitaci\u00f3n en idiomas espec\u00edficos para cada trabajo, dise\u00f1ado para liberar el potencial de su equipo. Nuestra soluci\u00f3n impulsada por IA y nuestro enfoque de microaprendizaje mejoran la comunicaci\u00f3n del equipo para obtener mejores resultados. \u00a1<a href=\"https:\/\/learn.voxy.com\/demo-es.html\">Agende una evaluaci\u00f3n<\/a> hoy!<\/em><\/p>\r\n<h2 id=\"aprendizaje-datos\"><\/h2><!-- \/wp:paragraph --><!-- wp:post-content --><!-- wp:paragraph -->\r\n<p>El mundo de aprendizaje y desarrollo nunca ha sido tan din\u00e1mico y desafiante. En un ambiente donde los cambios r\u00e1pidos y las transformaciones digitales marcan el paso, los l\u00edderes y profesionales del campo est\u00e1n replanteando c\u00f3mo crear programas de aprendizaje que verdaderamente impactan el rendimiento organizacional.<\/p>\r\n<p>Hoy, nos sumergimos en las 10 tendencias clave de capacitaci\u00f3n y desarrollo que dan forma a la manera en que los equipos trabajan y aprenden a alcanzar el m\u00e1ximo rendimiento en el 2025 y m\u00e1s all\u00e1.<\/p>\r\n<p>Para lograr esto, analizamos el panorama global, recopilamos perspectivas de profesionales del desarrollo de personas y exploramos las tendencias emergentes que prometen redefinir el futuro del aprendizaje corporativo.<\/p>\r\n<p>Tendencias Clave a Seguir:<\/p>\r\n<p><style>\r\n  \r\n    h2[id] {\r\n        scroll-margin-top: 100px;\r\n    }\r\n<\/style><\/p>\r\n<ul>\r\n<li><strong><a href=\"#aprendizaje-datos\">Incrementando el Aprendizaje y Desarrollo Impulsado por Tecnolog\u00eda y Datos<\/a><\/strong><\/li>\r\n<li><strong><a href=\"#personas-vs-oficina\">Enfoques Centrados en las Personas versus Centrados en la Oficina<\/a><\/strong><\/li>\r\n<li><strong><a href=\"#brechas-culturales\">Las Brechas Culturales Quedan en el Pasado<\/a><\/strong><\/li>\r\n<li><strong><a href=\"#inteligencia-artificial\">La Inteligencia Artificial: De la Moda a Intencionalidad<\/a><\/strong><\/li>\r\n<li><strong><a href=\"#habilidades-poder\">Habilidades Blandas como \u201cHabilidades de Poder\u201d<\/a><\/strong><\/li>\r\n<li><strong><a href=\"#trabajo-habilidades\">El Auge del Trabajo Basado en Habilidades<\/a><\/strong><\/li>\r\n<li><strong><a href=\"#presupuesto-optimista\">Proyecciones Optimistas de Presupuesto<\/a><\/strong><\/li>\r\n<li><strong><a href=\"#desarrollo-liderazgo\">El Desarrollo de Liderazgo Toma Prioridad<\/a><\/strong><\/li>\r\n<li><strong><a href=\"#aprendizaje-continuo\">Aprendizaje Continuo y Autonom\u00eda<\/a><\/strong><\/li>\r\n<li><strong><a href=\"#trabajo-proposito\">Trabajo con Prop\u00f3sito: La Clave a la Participaci\u00f3n<\/a><\/strong><\/li>\r\n<\/ul>\r\n<!-- \/wp:paragraph -->\r\n\r\n<!-- wp:heading -->\r\n<h2 id=\"aprendizaje-datos\" class=\"wp-block-heading\"><strong>1. Incrementando el Aprendizaje y Desarrollo Impulsado por Tecnolog\u00eda y Datos<\/strong><\/h2>\r\n<h2><!-- \/wp:heading -->\r\n\r\n<!-- wp:paragraph --><\/h2>\r\n<p><span style=\"font-weight: 400;\">El ritmo acelerado de la tecnolog\u00eda est\u00e1 transformando profundamente las tendencias de capacitaci\u00f3n y orientaci\u00f3n en aprendizaje y desarrollo.<\/span><\/p>\r\n<p><span style=\"font-weight: 400;\">Las nuevas herramientas y plataformas ahora proporcionan una mayor visibilidad de las m\u00e9tricas clave de aprendizaje y desarrollo, permitiendo a los profesionales ir m\u00e1s all\u00e1 de las \u201cm\u00e9tricas de vanidad\u201d, tales como las horas de estudio y las tasas de satisfacci\u00f3n y enfocarse en <\/span><a href=\"https:\/\/voxy.com\/blog\/ld-strategy\/\" target=\"_blank\" rel=\"noopener\"><span style=\"font-weight: 400;\">medidas empresariales<\/span><\/a><span style=\"font-weight: 400;\"> m\u00e1s robustas, <\/span><a href=\"https:\/\/voxy.com\/blog\/training-roi\/\" target=\"_blank\" rel=\"noopener\"><span style=\"font-weight: 400;\">como el retorno de la inversi\u00f3n<\/span><\/a><span style=\"font-weight: 400;\"> y los aumentos de productividad del equipo.<\/span><\/p>\r\n<p><span style=\"font-weight: 400;\">Sin embargo, investigaciones recientes de Voxy revelan que esto a\u00fan no es la realidad para la mayor\u00eda de las empresas.<\/span><\/p>\r\n<p><img decoding=\"async\" src=\"https:\/\/voxy.com\/wp-content\/uploads\/2023\/10\/Encuesta-Global-de-Referencia-en-LD-2025-300x169.png\" alt=\"Una gr\u00e1fica resaltando las encuestas de satisfacci\u00f3n, evaluaciones de desempe\u00f1o y nuevas habilidades adquiridas\/cierre de brechas de habilidades como las tres principales formas en que los profesionales miden el \u00e9xito de las iniciativas de Aprendizaje y Desarrollo\" width=\"1042\" height=\"587\" class=\"alignnone  wp-image-132062\" srcset=\"https:\/\/voxy.com\/wp-content\/uploads\/2023\/10\/Encuesta-Global-de-Referencia-en-LD-2025-300x169.png 300w, https:\/\/voxy.com\/wp-content\/uploads\/2023\/10\/Encuesta-Global-de-Referencia-en-LD-2025-1024x576.png 1024w, https:\/\/voxy.com\/wp-content\/uploads\/2023\/10\/Encuesta-Global-de-Referencia-en-LD-2025-768x432.png 768w, https:\/\/voxy.com\/wp-content\/uploads\/2023\/10\/Encuesta-Global-de-Referencia-en-LD-2025-1536x864.png 1536w, https:\/\/voxy.com\/wp-content\/uploads\/2023\/10\/Encuesta-Global-de-Referencia-en-LD-2025-150x84.png 150w, https:\/\/voxy.com\/wp-content\/uploads\/2023\/10\/Encuesta-Global-de-Referencia-en-LD-2025.png 1920w\" sizes=\"(max-width: 1042px) 100vw, 1042px\" \/><\/p>\r\n<p><span style=\"font-weight: 400;\">Adicionalmente, las herramientas impulsadas por la Inteligencia Artificial (IA), <\/span><a href=\"https:\/\/voxy.com\/blog\/microlearning-in-organizations\/\" target=\"_blank\" rel=\"noopener\"><span style=\"font-weight: 400;\">el microaprendizaje<\/span><\/a><span style=\"font-weight: 400;\"> y los <\/span><b>juegos aplicados <\/b><span style=\"font-weight: 400;\">no solo capturan la atenci\u00f3n de los empleados y ayudan a combatir <\/span><a href=\"https:\/\/www.cbsnews.com\/news\/are-attention-spans-getting-shorter-and-does-it-matter\/\" target=\"_blank\" rel=\"noopener\"><span style=\"font-weight: 400;\">periodos de atenci\u00f3n m\u00e1s cortos<\/span><\/a><span style=\"font-weight: 400;\">, sino que tambi\u00e9n generan resultados empresariales tangibles.<\/span><\/p>\r\n<p><span style=\"font-weight: 400;\">La <\/span><a href=\"https:\/\/voxy.com\/blog\/corporate-english-training-program\/\"><span style=\"font-weight: 400;\">escalabilidad<\/span><\/a><span style=\"font-weight: 400;\"> y la accesibilidad de los programas de aprendizaje est\u00e1n empezando a ser prioridades principales. Las <\/span><a href=\"https:\/\/voxy.com\/blog\/corporate-language-training-platform\/\" target=\"_blank\" rel=\"noopener\"><span style=\"font-weight: 400;\">plataformas de capacitaci\u00f3n en l\u00ednea<\/span><\/a><span style=\"font-weight: 400;\"> est\u00e1n permitiendo a las empresas ofrecer experiencias de aprendizaje que son personalizadas, accesibles y flexibles.<\/span><\/p>\r\n<p><span style=\"font-weight: 400;\">Esto presenta una oportunidad \u00fanica para que los profesionales del desarrollo de personas ampl\u00eden sus planes de desarrollo para incluir no solo una comprensi\u00f3n profunda de las personas, el trabajo <\/span><b>y las nuevas tecnolog\u00edas, sino tambi\u00e9n de habilidades enriquecidas en datos y anal\u00edtica.\u00a0<\/b><\/p>\r\n<p><span style=\"font-weight: 400;\">Tambi\u00e9n habr\u00e1 una <\/span><b>presi\u00f3n creciente para optimizar y justificar las inversiones en tecnolog\u00eda con un plan de Aprendizaje y Desarrollo m\u00e1s estrat\u00e9gico e impulsado por datos.<\/b><span style=\"font-weight: 400;\"> Mientras que las \u201cm\u00e9tricas vanidosas\u201d muestran si las personas est\u00e1n <\/span><a href=\"https:\/\/voxy.com\/blog\/employee-engagement-in-training\/\" target=\"_blank\" rel=\"noopener\"><span style=\"font-weight: 400;\">participando<\/span><\/a><span style=\"font-weight: 400;\"> y disfrutando de la capacitaci\u00f3n, estas proporcionan pocas perspectivas de c\u00f3mo la estrategia se conecta con las <\/span><a href=\"https:\/\/voxy.com\/blog\/training-needs-analysis\/\" target=\"_blank\" rel=\"noopener\"><span style=\"font-weight: 400;\">habilidades cr\u00edticas necesarias<\/span><\/a><span style=\"font-weight: 400;\"> para que la organizaci\u00f3n logre sus metas empresariales y supere en rendimiento a sus competidores.<\/span><\/p>\r\n\t\t<div data-elementor-type=\"container\" data-elementor-id=\"132071\" class=\"elementor elementor-132071\" data-elementor-post-type=\"elementor_library\">\n\t\t\t\t<div class=\"elementor-element elementor-element-41fdeb3 e-flex e-con-boxed e-con e-parent\" data-id=\"41fdeb3\" data-element_type=\"container\">\n\t\t\t\t\t<div class=\"e-con-inner\">\n\t\t\t\t<div class=\"elementor-element elementor-element-113e230 elementor-widget elementor-widget-image\" data-id=\"113e230\" data-element_type=\"widget\" data-widget_type=\"image.default\">\n\t\t\t\t<div class=\"elementor-widget-container\">\n\t\t\t\t\t\t\t\t\t\t\t\t\t\t\t\t<a href=\"https:\/\/learn.voxy.com\/global-benchmark-survey-2025-es.html?utm_source=website&#038;utm_medium=blog&#038;utm_campaign=global-benchmark-survey-2025&#038;utm_content=blogpost-banner-es\" target=\"_blank\">\n\t\t\t\t\t\t\t<img fetchpriority=\"high\" decoding=\"async\" width=\"1020\" height=\"408\" src=\"https:\/\/voxy.com\/wp-content\/uploads\/2024\/12\/ES-5.png\" class=\"attachment-large size-large wp-image-132072\" alt=\"\" srcset=\"https:\/\/voxy.com\/wp-content\/uploads\/2024\/12\/ES-5.png 1024w, https:\/\/voxy.com\/wp-content\/uploads\/2024\/12\/ES-5-300x120.png 300w, https:\/\/voxy.com\/wp-content\/uploads\/2024\/12\/ES-5-768x308.png 768w, https:\/\/voxy.com\/wp-content\/uploads\/2024\/12\/ES-5-150x60.png 150w\" sizes=\"(max-width: 1020px) 100vw, 1020px\" \/>\t\t\t\t\t\t\t\t<\/a>\n\t\t\t\t\t\t\t\t\t\t\t\t\t\t\t<\/div>\n\t\t\t\t<\/div>\n\t\t\t\t\t<\/div>\n\t\t\t\t<\/div>\n\t\t\t\t<\/div>\n\t\t\r\n<h2><!-- \/wp:paragraph -->\r\n\r\n<!-- wp:heading --><\/h2>\r\n<h2 id=\"personas-vs-oficina\" class=\"wp-block-heading\"><strong>2. Enfoques Centrados en las Personas versus Centrados en la Oficina<\/strong><\/h2>\r\n<h2><!-- \/wp:heading -->\r\n\r\n<!-- wp:paragraph --><\/h2>\r\n<p><span style=\"font-weight: 400;\">En a\u00f1os recientes, el mundo corporativo ha pasado por una gran transformaci\u00f3n, especialmente con respecto a las modalidades de trabajo. Seg\u00fan el reciente <\/span><a href=\"https:\/\/www.gartner.com\/en\/human-resources\/topics\/future-of-work\" target=\"_blank\" rel=\"noopener\"><span style=\"font-weight: 400;\">estudio Gartner sobre el futuro del trabajo<\/span><\/a><span style=\"font-weight: 400;\">, el concepto de un entorno laboral centrado en personas est\u00e1 cobrando tracci\u00f3n, reemplazando la visi\u00f3n tradicional de la perspectiva centrada en oficina y dando forma a las tendencias en capacitaci\u00f3n y desarrollo<\/span><\/p>\r\n<p><span style=\"font-weight: 400;\">Este nuevo modelo se enfoca en abordar las necesidades humanas en vez de obligar a las personas a adaptarse a pr\u00e1cticas obsoletas o entornos laborales r\u00edgidos, enfatizando tres puntos clave:<\/span><\/p>\r\n<p><b>Flexibilidad Laboral:<\/b><span style=\"font-weight: 400;\">\u00a0 Brindando a los empleados la opci\u00f3n de elegir d\u00f3nde y cu\u00e1ndo trabajar les ayuda a lograr un mejor equilibrio entre la vida laboral y personal.<\/span><\/p>\r\n<p><b>Colaboraci\u00f3n Intencional: <\/b><span style=\"font-weight: 400;\">Combinando el trabajo en equipo para tareas espec\u00edficas mientras se respetan las preferencias individuales permite que todos contribuyan con su mejor desempe\u00f1o. Dependiendo de la tarea, esto puede involucrar una combinaci\u00f3n cuidadosa de <\/span><a href=\"https:\/\/voxy.com\/blog\/collaboration-at-work\/\" target=\"_blank\" rel=\"noopener\"><span style=\"font-weight: 400;\">colaboraci\u00f3n<\/span><\/a><span style=\"font-weight: 400;\"> presencial y virtual.\u00a0<\/span><\/p>\r\n<p><b>Gerencia Basada en la Empat\u00eda<\/b><span style=\"font-weight: 400;\">: Los empleados quieren sentirse valorados en su trayectoria y conf\u00edan en su organizaci\u00f3n. Por este motivo, es crucial que la gerencia demuestre el cuidado y apoyo a trav\u00e9s de sus acciones.<\/span><\/p>\r\n<h2><!-- \/wp:paragraph -->\r\n\r\n<!-- wp:image {\"width\":\"432px\",\"height\":\"auto\",\"aspectRatio\":\"1.0034722222222223\",\"align\":\"center\"} --><\/h2>\r\n<figure class=\"wp-block-image aligncenter is-resized\"><img loading=\"lazy\" decoding=\"async\" src=\"https:\/\/voxy.com\/wp-content\/uploads\/2023\/10\/Encuesta-Global-de-Referencia-en-LD-2025-1-300x169.png\" alt=\" Ilustraci\u00f3n resaltando las diferencias entre el dise\u00f1o centrado en oficina y el dise\u00f1o centrado en personas.\r\n\" width=\"1042\" height=\"587\" class=\"alignnone  wp-image-132083\" srcset=\"https:\/\/voxy.com\/wp-content\/uploads\/2023\/10\/Encuesta-Global-de-Referencia-en-LD-2025-1-300x169.png 300w, https:\/\/voxy.com\/wp-content\/uploads\/2023\/10\/Encuesta-Global-de-Referencia-en-LD-2025-1-1024x576.png 1024w, https:\/\/voxy.com\/wp-content\/uploads\/2023\/10\/Encuesta-Global-de-Referencia-en-LD-2025-1-768x432.png 768w, https:\/\/voxy.com\/wp-content\/uploads\/2023\/10\/Encuesta-Global-de-Referencia-en-LD-2025-1-1536x864.png 1536w, https:\/\/voxy.com\/wp-content\/uploads\/2023\/10\/Encuesta-Global-de-Referencia-en-LD-2025-1-150x84.png 150w, https:\/\/voxy.com\/wp-content\/uploads\/2023\/10\/Encuesta-Global-de-Referencia-en-LD-2025-1.png 1920w\" sizes=\"(max-width: 1042px) 100vw, 1042px\" \/><\/figure>\r\n<p><span style=\"font-weight: 400;\">En un entorno laboral flexible, la cultura de aprendizaje debe adaptarse. En un mundo donde los empleados disfrutan de una mayor autonom\u00eda, las compa\u00f1\u00edas deben preguntarse: \u00bfc\u00f3mo se puede alinear el <\/span><a href=\"https:\/\/voxy.com\/blog\/professional-development-plan\/\" target=\"_blank\" rel=\"noopener\"><span style=\"font-weight: 400;\">desarrollo individual<\/span><\/a><span style=\"font-weight: 400;\"> con los objetivos empresariales? Una cultura organizacional s\u00f3lida que promueve el aprendizaje continuo y fomenta la colaboraci\u00f3n en equipo es la clave del \u00e9xito.\u00a0<\/span><\/p>\r\n<p><span style=\"font-weight: 400;\">Para los profesionales de Aprendizaje y Desarrollo esto significa <\/span><a href=\"https:\/\/voxy.com\/blog\/professional-development-programs\/\" target=\"_blank\" rel=\"noopener\"><span style=\"font-weight: 400;\">ofrecer programas de capacitaci\u00f3n<\/span><\/a><span style=\"font-weight: 400;\"> que no solo son escalables, sino que tambi\u00e9n proporcionan oportunidades de aprendizaje significativas de forma asincr\u00f3nica, manteniendo la interacci\u00f3n en vivo y la colaboraci\u00f3n entre miembros del equipo.<\/span><\/p>\r\n<h2><!-- \/wp:image -->\r\n\r\n<!-- wp:heading --><\/h2>\r\n<h2 id=\"brechas-culturales\" class=\"wp-block-heading\"><strong>3. Las Brechas Culturales Quedan en el Pasado<\/strong><\/h2>\r\n<h2><!-- \/wp:heading -->\r\n\r\n<!-- wp:paragraph --><\/h2>\r\n<p><span style=\"font-weight: 400;\">Con el auge del trabajo remoto e <\/span><a href=\"https:\/\/voxy.com\/blog\/hybrid-workplace-culture\/\" target=\"_blank\" rel=\"noopener\"><span style=\"font-weight: 400;\">h\u00edbrido<\/span><\/a><span style=\"font-weight: 400;\">, las organizaciones contin\u00faan enfrentando el desaf\u00edo de construir culturas s\u00f3lidas y cohesionadas, capaces de involucrar a equipos distribuidos globalmente.<\/span><\/p>\r\n<p><span style=\"font-weight: 400;\">Seg\u00fan <\/span><a href=\"https:\/\/www.gartner.com\/en\/human-resources\/trends\/top-priorities-for-hr-leaders\" target=\"_blank\" rel=\"noopener\"><span style=\"font-weight: 400;\">Gartner<\/span><\/a><span style=\"font-weight: 400;\">, el <\/span><b>57% de los l\u00edderes de Recursos Humanos (RR. HH.) informan que los gerentes fallan en reforzar la visi\u00f3n de cultura deseada con sus equipos<\/b><span style=\"font-weight: 400;\">, y que menos del<\/span><b> 23% de los empleados comprenden c\u00f3mo los valores organizacionales se conectan con sus rutinas diarias.<\/b><span style=\"font-weight: 400;\">\u00a0<\/span><\/p>\r\n<p><span style=\"font-weight: 400;\">Esta desconexi\u00f3n puede impactar directamente en la participaci\u00f3n, desempe\u00f1o e incluso en la retenci\u00f3n de talento.<\/span><\/p>\r\n<p><span style=\"font-weight: 400;\">Para superar este desaf\u00edo, el informe recomienda que las organizaciones integren la cultura en los comportamientos y procesos del d\u00eda a d\u00eda, transformando los valores en pr\u00e1cticas tangibles. Las empresas que logran esto con \u00e9xito reportan un aumento de <\/span><b>63% en participaci\u00f3n, un aumento de 35% en rendimiento y un 25% de crecimiento en intenci\u00f3n de retenci\u00f3n de empleados.<br \/><br \/><\/b><\/p>\r\n<p><img loading=\"lazy\" decoding=\"async\" src=\"https:\/\/voxy.com\/wp-content\/uploads\/2023\/10\/2025-Global-LD-Benchmark-Survey6-300x111.png\" alt=\"Illustrative chart from the Gartner report mentioned in the article.\r\n\" width=\"1041\" height=\"385\" class=\"alignnone  wp-image-131906\" srcset=\"https:\/\/voxy.com\/wp-content\/uploads\/2023\/10\/2025-Global-LD-Benchmark-Survey6-300x111.png 300w, https:\/\/voxy.com\/wp-content\/uploads\/2023\/10\/2025-Global-LD-Benchmark-Survey6-768x284.png 768w, https:\/\/voxy.com\/wp-content\/uploads\/2023\/10\/2025-Global-LD-Benchmark-Survey6-150x56.png 150w, https:\/\/voxy.com\/wp-content\/uploads\/2023\/10\/2025-Global-LD-Benchmark-Survey6.png 800w\" sizes=\"(max-width: 1041px) 100vw, 1041px\" \/><\/p>\r\n<p><span style=\"font-weight: 400;\">Proporcionar <\/span><a href=\"https:\/\/voxy.com\/blog\/cross-cultural-training\/\" target=\"_blank\" rel=\"noopener\"><span style=\"font-weight: 400;\">capacitaci\u00f3n espec\u00edfica en habilidades interculturales<\/span><\/a><span style=\"font-weight: 400;\">, especialmente para los equipos globales e h\u00edbridos, tambi\u00e9n juega un papel crucial en el fomento de valores compartidos, la <\/span><a href=\"https:\/\/voxy.com\/blog\/diversity-in-the-workplace\/\" target=\"_blank\" rel=\"noopener\"><span style=\"font-weight: 400;\">diversidad<\/span><\/a><span style=\"font-weight: 400;\"> y la inclusi\u00f3n, mejorando la colaboraci\u00f3n y fortaleciendo el sentido de pertenencia\u2014lo cual es esencial para la retenci\u00f3n de talento.<\/span><\/p>\r\n<p><span style=\"font-weight: 400;\">Ahora m\u00e1s que nunca, los l\u00edderes de Aprendizaje y Desarrollo tienen la oportunidad de transformar la cultura organizacional en una ventaja competitiva al conectar a las personas, las estrategias y las tecnolog\u00edas en un mercado global cada vez m\u00e1s din\u00e1mico.<\/span><\/p>\r\n<h2><!-- \/wp:paragraph -->\r\n\r\n<!-- wp:heading --><\/h2>\r\n<h2 id=\"inteligencia-artificial\" style=\"scroll-margin-top: 200px;\" class=\"wp-block-heading\"><strong>4. La Inteligencia Artificial: De la Moda a Intencionalidad<\/strong><\/h2>\r\n<h2><!-- \/wp:heading -->\r\n\r\n<!-- wp:paragraph --><\/h2>\r\n<p><span style=\"font-weight: 400;\">Con el enorme auge de la IA, muchas empresas est\u00e1n intentando adoptar esta tecnolog\u00eda a gran escala. Sin embargo, es crucial que los profesionales de Aprendizaje y Desarrollo aborden la IA con una mentalidad pragm\u00e1tica.\u00a0 No basta con adoptarla por su popularidad; existe una necesidad creciente de usarla con un prop\u00f3sito determinado. Las investigaciones de <\/span><a href=\"https:\/\/emt.gartnerweb.com\/ngw\/globalassets\/en\/human-resources\/documents\/trends\/top-priorities-for-hr-leaders-2024-ebook.pdf\" target=\"_blank\" rel=\"noopener\"><span style=\"font-weight: 400;\">Gartner<\/span><\/a><span style=\"font-weight: 400;\"> revelan que mientras que el 49% de los Directores Ejecutivos planean invertir en IA en los pr\u00f3ximos tres a\u00f1os, el <\/span><b>61% cree que las empresas est\u00e1n avanzando m\u00e1s r\u00e1pido de lo que los empleados puedan adaptarse.<\/b><\/p>\r\n<p><span style=\"font-weight: 400;\">Mucho de esto puede estar ligado al temor recurrente de los empleados de que la <\/span><b>IA puede amenazar sus trabajos<\/b><span style=\"font-weight: 400;\">, lo que resalta la necesidad de programas de capacitaci\u00f3n que aborden tanto las <\/span><b>habilidades t\u00e9cnicas <\/b><span style=\"font-weight: 400;\">como los <\/span><a href=\"https:\/\/voxy.com\/blog\/mental-health-in-the-workplace\/\" target=\"_blank\" rel=\"noopener\"><span style=\"font-weight: 400;\">aspectos emocionales<\/span><\/a><span style=\"font-weight: 400;\"> de esta transici\u00f3n. Adicionalmente, la <\/span><b>transparencia <\/b><span style=\"font-weight: 400;\">sobre c\u00f3mo se utilizar\u00e1 la IA puede ayudar a incrementar la aceptaci\u00f3n y aliviar los miedos en torno de la tecnolog\u00eda.<\/span><\/p>\r\n<p><span style=\"font-weight: 400;\">La clave del \u00e9xito en este caso es la <\/span><b>intencionalidad<\/b><span style=\"font-weight: 400;\">: utilizar la IA para resolver problemas espec\u00edficos y mejorar los procesos y la productividad en equipo, en vez de adoptarla solo porque est\u00e9 de moda.<\/span><\/p>\r\n<p><span style=\"font-weight: 400;\">Los profesionales de Aprendizaje y Desarrollo deben, por lo tanto, invertir en programas de capacitaci\u00f3n personalizados que alineen con el aprendizaje de IA y otras tecnolog\u00edas con objetivos empresariales claros. Tambi\u00e9n deben enfocarse en herramientas impulsadas por IA que ayuden a personalizar y optimizar las experiencias de aprendizaje. La gesti\u00f3n del cambio es crucial para asegurar que los empleados comprendan el valor de la tecnolog\u00eda y se sientan incluidos en el proceso de la innovaci\u00f3n. La IA no deber\u00eda ser un fin en s\u00ed misma, sino un medio para impulsar la eficacia y la participaci\u00f3n dentro de la organizaci\u00f3n.<\/span><\/p>\r\n<h2><!-- \/wp:paragraph -->\r\n\r\n<!-- wp:heading --><\/h2>\r\n<h2 id=\"habilidades-poder\" class=\"wp-block-heading\"><strong>5. Habilidades Blandas como \u201cHabilidades de Poder\u201d<\/strong><\/h2>\r\n<h2><!-- \/wp:heading -->\r\n\r\n<!-- wp:paragraph --><\/h2>\r\n<p><span style=\"font-weight: 400;\">En un mundo donde las habilidades duras pueden ser reemplazadas r\u00e1pidamente por la tecnolog\u00eda, las habilidades blandas\u2014renombradas como \u201c<\/span><a href=\"https:\/\/voxy.com\/blog\/power-skills\/\" target=\"_blank\" rel=\"noopener\"><span style=\"font-weight: 400;\">habilidades de poder<\/span><\/a><span style=\"font-weight: 400;\">\u201d\u2014est\u00e1n emergiendo como un diferenciador competitivo esencial. Un <\/span><a href=\"https:\/\/www2.deloitte.com\/us\/en\/insights\/topics\/talent\/organizational-skill-based-hiring.html\" target=\"_blank\" rel=\"noopener\"><span style=\"font-weight: 400;\">estudio de Deloitte<\/span><\/a><span style=\"font-weight: 400;\"> estima que para el 2030,<\/span><b> dos tercios de los puestos de trabajo depender\u00e1n en gran medida de estas habilidades<\/b><span style=\"font-weight: 400;\">, reforzando su papel central en las tendencias de capacitaci\u00f3n y de desarrollo.\u00a0 Como resultado, la demanda de las habilidades interpersonales nunca ha sido m\u00e1s urgente.<\/span><\/p>\r\n<p><span style=\"font-weight: 400;\">La Encuesta Global de Punto de Referencia de Voxy (destacando perspectivas de m\u00e1s de 350 profesionales de la industria) revel\u00f3 que los profesionales de Aprendizaje y Desarrollo est\u00e1n cada vez m\u00e1s conscientes de la importancia de fomentar las habilidades interpersonales dentro de los equipos. Reconocen que el pensamiento cr\u00edtico, la empat\u00eda y la comunicaci\u00f3n efectiva son esenciales para maximizar los beneficios de la IA en organizaciones, ayudando a los equipos a colaborar de manera m\u00e1s eficaz, resolviendo problemas complejos y manteniendo un equilibrio entre la automatizaci\u00f3n y la interacci\u00f3n humana.<\/span><\/p>\r\n<h2><!-- \/wp:paragraph -->\r\n\r\n<!-- wp:image {\"width\":\"506px\",\"height\":\"auto\",\"aspectRatio\":\"0.7258805513016845\",\"align\":\"center\"} --><\/h2>\r\n<figure class=\"wp-block-image aligncenter is-resized\"><img loading=\"lazy\" decoding=\"async\" src=\"https:\/\/voxy.com\/wp-content\/uploads\/2023\/10\/Encuesta-Global-de-Referencia-en-LD-2025-2-300x169.png\" alt=\" Una gr\u00e1fica de la Encuesta Global de Punto de Referencia de Aprendizaje y Desarrollo 2025 de Voxy ilustrando las habilidades clave identificadas por profesionales como esenciales para desarrollar en sus equipos en los pr\u00f3ximos a\u00f1os, incluyendo liderazgo, comunicaci\u00f3n, gesti\u00f3n de tiempo, colaboraci\u00f3n y otros.\" width=\"1042\" height=\"587\" class=\"alignnone  wp-image-132092\" srcset=\"https:\/\/voxy.com\/wp-content\/uploads\/2023\/10\/Encuesta-Global-de-Referencia-en-LD-2025-2-300x169.png 300w, https:\/\/voxy.com\/wp-content\/uploads\/2023\/10\/Encuesta-Global-de-Referencia-en-LD-2025-2-1024x576.png 1024w, https:\/\/voxy.com\/wp-content\/uploads\/2023\/10\/Encuesta-Global-de-Referencia-en-LD-2025-2-768x432.png 768w, https:\/\/voxy.com\/wp-content\/uploads\/2023\/10\/Encuesta-Global-de-Referencia-en-LD-2025-2-1536x864.png 1536w, https:\/\/voxy.com\/wp-content\/uploads\/2023\/10\/Encuesta-Global-de-Referencia-en-LD-2025-2-150x84.png 150w, https:\/\/voxy.com\/wp-content\/uploads\/2023\/10\/Encuesta-Global-de-Referencia-en-LD-2025-2.png 1920w\" sizes=\"(max-width: 1042px) 100vw, 1042px\" \/><\/figure>\r\n<h2><!-- \/wp:image -->\r\n\r\n<!-- wp:separator {\"backgroundColor\":\"white\"} --><\/h2>\r\n<h2 id=\"trabajo-habilidades\" class=\"wp-block-heading\"><strong>6. El Auge del Trabajo Basado en Habilidades<\/strong><\/h2>\r\n<h2><!-- \/wp:separator -->\r\n\r\n<!-- wp:paragraph --><\/h2>\r\n<p style=\"text-align: left;\"><span style=\"font-weight: 400;\">El cambio hacia un enfoque basado en habilidades est\u00e1 cobrando impulso, y su impacto ya es evidente en las grandes organizaciones que adoptan pr\u00e1cticas que priorizan las <\/span><b>habilidades por encima de las calificaciones acad\u00e9micas o los t\u00edtulos de trabajo fijos<\/b><span style=\"font-weight: 400;\">. Esto refleja la necesidad de un desarrollo de habilidades m\u00e1s <\/span><a href=\"https:\/\/voxy.com\/es\/blog\/learning-agility\/\" target=\"_blank\" rel=\"noopener\"><span style=\"font-weight: 400;\">\u00e1gil<\/span><\/a><span style=\"font-weight: 400;\">, alineado con las demandas de un <\/span><b>mercado en r\u00e1pida evoluci\u00f3n.\u00a0<\/b><\/p>\r\n<p style=\"text-align: left;\"><span style=\"font-weight: 400;\">Los estudios de Deloitte indican que el <\/span><b>90% de los ejecutivos est\u00e1n implementando pr\u00e1cticas basadas en habilidades<\/b><span style=\"font-weight: 400;\">, transformando la forma en que <\/span><a href=\"https:\/\/voxy.com\/blog\/skills-based-hiring\/\" target=\"_blank\" rel=\"noopener\"><span style=\"font-weight: 400;\">contratan<\/span><\/a><span style=\"font-weight: 400;\">, capacitan y <\/span><a href=\"https:\/\/voxy.com\/blog\/team-development\/\" target=\"_blank\" rel=\"noopener\"><span style=\"font-weight: 400;\">desarrollan a sus equipos<\/span><\/a><span style=\"font-weight: 400;\">.\u00a0<\/span><\/p>\r\n<p style=\"text-align: left;\"><span style=\"font-weight: 400;\">Esto significa que los l\u00edderes de Aprendizaje y Desarrollo necesitan invertir en<\/span><b> herramientas que identifiquen las habilidades cr\u00edticas y desarrollen programas alineados con las demandas del mercado.<\/b><span style=\"font-weight: 400;\"> Esto incluye aprovechar las plataformas que analizan las brechas en <\/span><a href=\"https:\/\/voxy.com\/blog\/2022\/09\/voxy-skills-mapping\/\" target=\"_blank\" rel=\"noopener\"><span style=\"font-weight: 400;\">habilidades<\/span><\/a><span style=\"font-weight: 400;\"> y proporcionan trayectorias de aprendizaje <\/span><a href=\"\/?page_id=126\" target=\"_blank\" rel=\"noopener\"><span style=\"font-weight: 400;\">personalizadas<\/span><\/a><span style=\"font-weight: 400;\"> para abordar estas necesidades.<\/span><\/p>\r\n<h2><!-- \/wp:paragraph -->\r\n\r\n<!-- wp:heading --><\/h2>\r\n<h2 id=\"presupuesto-optimista\" class=\"wp-block-heading\"><strong>7. Proyecciones Optimistas de Presupuesto<\/strong><\/h2>\r\n<h2><!-- \/wp:heading -->\r\n\r\n<!-- wp:paragraph --><\/h2>\r\n<p><span style=\"font-weight: 400;\">En nuestra encuesta anual realizada con profesionales de desarrollo de personas de grandes empresas alrededor del mundo, les preguntamos sobre sus expectativas en cuanto a las inversiones en capacitaci\u00f3n y desarrollo para el pr\u00f3ximo a\u00f1o, y los resultados son innegablemente optimistas.\u00a0<\/span><\/p>\r\n<p><span style=\"font-weight: 400;\">La <\/span><b>encuesta <\/b><span style=\"font-weight: 400;\">revel\u00f3 que el <\/span><b>48% de los profesionales de Aprendizaje y Desarrollo esperan un aumento en sus<\/b> <a href=\"https:\/\/voxy.com\/blog\/td-budget\/\" target=\"_blank\" rel=\"noopener\"><b>presupuestos<\/b><\/a><span style=\"font-weight: 400;\"> para el 2025, un salto significativo en comparaci\u00f3n con el 33% del a\u00f1o pasado. Este crecimiento presupuestario representa una oportunidad de oro para que los profesionales de capacitaci\u00f3n y desarrollo piensen estrat\u00e9gicamente sobre c\u00f3mo asignar estos recursos para <\/span><b>maximizar el impacto y preparar a los equipos para los desaf\u00edos futuros.<\/b><\/p>\r\n<p><span style=\"font-weight: 400;\">Seg\u00fan lo observado hasta ahora, est\u00e1 claro que el enfoque no debe centrarse \u00fanicamente en la capacitaci\u00f3n t\u00e9cnica, sino tambi\u00e9n en<\/span><b> mejorar las habilidades interpersonales<\/b><span style=\"font-weight: 400;\">, tales como la <\/span><a href=\"https:\/\/voxy.com\/blog\/communication-skills\/\" target=\"_blank\" rel=\"noopener\"><span style=\"font-weight: 400;\">comunicaci\u00f3n<\/span><\/a><span style=\"font-weight: 400;\">, la resoluci\u00f3n de conflictos y la <\/span><a href=\"https:\/\/voxy.com\/blog\/collaboration-at-work\/\" target=\"_blank\" rel=\"noopener\"><span style=\"font-weight: 400;\">colaboraci\u00f3n<\/span><\/a><span style=\"font-weight: 400;\">. Este enfoque ayudar\u00e1 a las empresas a construir una fuerza laboral que no solo sea competente, sino tambi\u00e9n <\/span><b>adaptable <\/b><span style=\"font-weight: 400;\">y <\/span><b>resiliente<\/b><span style=\"font-weight: 400;\">.<\/span><\/p>\r\n\t\t<div data-elementor-type=\"container\" data-elementor-id=\"132071\" class=\"elementor elementor-132071\" data-elementor-post-type=\"elementor_library\">\n\t\t\t\t<div class=\"elementor-element elementor-element-41fdeb3 e-flex e-con-boxed e-con e-parent\" data-id=\"41fdeb3\" data-element_type=\"container\">\n\t\t\t\t\t<div class=\"e-con-inner\">\n\t\t\t\t<div class=\"elementor-element elementor-element-113e230 elementor-widget elementor-widget-image\" data-id=\"113e230\" data-element_type=\"widget\" data-widget_type=\"image.default\">\n\t\t\t\t<div class=\"elementor-widget-container\">\n\t\t\t\t\t\t\t\t\t\t\t\t\t\t\t\t<a href=\"https:\/\/learn.voxy.com\/global-benchmark-survey-2025-es.html?utm_source=website&#038;utm_medium=blog&#038;utm_campaign=global-benchmark-survey-2025&#038;utm_content=blogpost-banner-es\" target=\"_blank\">\n\t\t\t\t\t\t\t<img fetchpriority=\"high\" decoding=\"async\" width=\"1020\" height=\"408\" src=\"https:\/\/voxy.com\/wp-content\/uploads\/2024\/12\/ES-5.png\" class=\"attachment-large size-large wp-image-132072\" alt=\"\" srcset=\"https:\/\/voxy.com\/wp-content\/uploads\/2024\/12\/ES-5.png 1024w, https:\/\/voxy.com\/wp-content\/uploads\/2024\/12\/ES-5-300x120.png 300w, https:\/\/voxy.com\/wp-content\/uploads\/2024\/12\/ES-5-768x308.png 768w, https:\/\/voxy.com\/wp-content\/uploads\/2024\/12\/ES-5-150x60.png 150w\" sizes=\"(max-width: 1020px) 100vw, 1020px\" \/>\t\t\t\t\t\t\t\t<\/a>\n\t\t\t\t\t\t\t\t\t\t\t\t\t\t\t<\/div>\n\t\t\t\t<\/div>\n\t\t\t\t\t<\/div>\n\t\t\t\t<\/div>\n\t\t\t\t<\/div>\n\t\t\r\n<h2><!-- wp:heading --><\/h2>\r\n<h2 id=\"desarrollo-liderazgo\" class=\"wp-block-heading\"><strong>8<\/strong><strong>. El Desarrollo de Liderazgo Toma Prioridad<\/strong><\/h2>\r\n<h2><!-- wp:heading --><!-- \/wp:paragraph -->\r\n\r\n<!-- wp:image {\"width\":\"480px\",\"height\":\"auto\",\"aspectRatio\":\"1.0885167464114833\",\"align\":\"center\"} --><!-- \/wp:heading -->\r\n\r\n<!-- wp:paragraph --><\/h2>\r\n<p><b>El desarrollo del liderazgo ha sido identificado como el mayor desaf\u00edo para el 2025. <\/b><span style=\"font-weight: 400;\">Seg\u00fan la <\/span><a href=\"https:\/\/learn.voxy.com\/global-benchmark-survey-2025.html\" target=\"_blank\" rel=\"noopener\"><span style=\"font-weight: 400;\">encuesta de Voxy<\/span><\/a><span style=\"font-weight: 400;\">, invertir en l\u00edderes efectivos ser\u00e1 crucial para el \u00e9xito organizacional.<\/span><\/p>\r\n<p><span style=\"font-weight: 400;\">A pesar de las significativas <\/span><a href=\"https:\/\/hbr.org\/2023\/02\/what-makes-leadership-development-programs-succeed\" target=\"_blank\" rel=\"noopener\"><span style=\"font-weight: 400;\">inversiones globales<\/span><\/a><span style=\"font-weight: 400;\">\u2014aproximadamente $60 mil millones anuales en programas de liderazgo\u2014los resultados concretos siguen siendo limitados: solo 10% de los programas generan impactos medibles. Esto resalta un problema estructural en los m\u00e9todos tradicionales de capacitaci\u00f3n de liderazgo, los cuales a menudo carecen de la personalizaci\u00f3n y relevancia necesarias para satisfacer las demandas del mercado actual.<\/span><\/p>\r\n<h2><!-- \/wp:paragraph -->\r\n\r\n<!-- wp:image {\"width\":\"778px\",\"height\":\"auto\",\"aspectRatio\":\"1.916184971098266\",\"align\":\"center\"} --><\/h2>\r\n<figure class=\"wp-block-image aligncenter is-resized\"><img decoding=\"async\" src=\"https:\/\/voxy.com\/wp-content\/uploads\/2023\/10\/Encuesta-Global-de-Referencia-en-LD-2025-3-300x169.png\" alt=\"Gr\u00e1fica ilustrativa que muestra que aproximadamente $60 mil millones se invierten anualmente en programas de liderazgo, aun as\u00ed, los resultados concretos siguen siendo limitados: solo el 10% de los programas genera impactos medibles.\" width=\"1042\" height=\"587\" class=\"alignnone  wp-image-132101\" srcset=\"https:\/\/voxy.com\/wp-content\/uploads\/2023\/10\/Encuesta-Global-de-Referencia-en-LD-2025-3-300x169.png 300w, https:\/\/voxy.com\/wp-content\/uploads\/2023\/10\/Encuesta-Global-de-Referencia-en-LD-2025-3-1024x576.png 1024w, https:\/\/voxy.com\/wp-content\/uploads\/2023\/10\/Encuesta-Global-de-Referencia-en-LD-2025-3-768x432.png 768w, https:\/\/voxy.com\/wp-content\/uploads\/2023\/10\/Encuesta-Global-de-Referencia-en-LD-2025-3-1536x864.png 1536w, https:\/\/voxy.com\/wp-content\/uploads\/2023\/10\/Encuesta-Global-de-Referencia-en-LD-2025-3-150x84.png 150w, https:\/\/voxy.com\/wp-content\/uploads\/2023\/10\/Encuesta-Global-de-Referencia-en-LD-2025-3.png 1920w\" sizes=\"(max-width: 1042px) 100vw, 1042px\" \/><\/figure>\r\n<h2><!-- \/wp:image -->\r\n\r\n<!-- wp:separator {\"backgroundColor\":\"white\"} --><\/h2>\r\n<p><b>Un aspecto cr\u00edtico de este escenario es la necesidad de adaptar los programas de liderazgo a un contexto organizacional. <\/b><span style=\"font-weight: 400;\">Esto significa alinear la capacitaci\u00f3n con las metas estrat\u00e9gicas de la empresa, considerando las tendencias emergentes, nuevas tecnolog\u00edas y los cambios r\u00e1pidos del entorno empresarial. Adem\u00e1s, los <\/span><a href=\"https:\/\/voxy.com\/blog\/leadership-training\/\" target=\"_blank\" rel=\"noopener\"><span style=\"font-weight: 400;\">programas de capacitaci\u00f3n en liderazgo<\/span><\/a><span style=\"font-weight: 400;\"> que incorporan las<\/span><b> habilidades anal\u00edticas<\/b><span style=\"font-weight: 400;\"> permiten a los l\u00edderes priorizar tareas de alto impacto, fomentando una carga laboral manejable y eficiente.\u00a0<\/span><\/p>\r\n<p><span style=\"font-weight: 400;\">Para abordar esto, las organizaciones deben adoptar <\/span><a href=\"https:\/\/voxy.com\/blog\/leadership-development-program\/\" target=\"_blank\" rel=\"noopener\"><span style=\"font-weight: 400;\">metodolog\u00edas personalizadas<\/span><\/a><span style=\"font-weight: 400;\"> que combinen el <\/span><b>aprendizaje pr\u00e1ctico, las mentor\u00edas y la flexibilidad<\/b><span style=\"font-weight: 400;\">. Programas de liderazgo exitosos requieren un enfoque hol\u00edstico, integrando el aprendizaje continuo con experiencias pr\u00e1cticas. El uso de herramientas digitales para monitorear el progreso de los l\u00edderes tambi\u00e9n es esencial.<\/span><\/p>\r\n<h2><!-- \/wp:paragraph -->\r\n\r\n<!-- wp:heading --><\/h2>\r\n<h2 id=\"aprendizaje-continuo\" class=\"wp-block-heading\"><strong>9. Aprendizaje Continuo y Autonom\u00eda<\/strong><\/h2>\r\n<h2><!-- \/wp:heading -->\r\n\r\n<!-- wp:paragraph --><\/h2>\r\n<p><span style=\"font-weight: 400;\">La autonom\u00eda en el aprendizaje es esencial para la participaci\u00f3n de los empleados. <\/span><b>El aprendizaje obligatorio o prescrito a menudo falla en generar el compromiso necesario para que los empleados se involucren verdaderamente en el proceso de desarrollo.<\/b><span style=\"font-weight: 400;\"> El aprendizaje autodirigido, en el que los empleados tienen el poder de elegir sus rutas de aprendizaje y aplicarlas en el flujo del trabajo (<\/span><a href=\"https:\/\/www.linkedin.com\/pulse\/learning-flow-work-ryan-blacklock\/\" target=\"_blank\" rel=\"noopener\"><span style=\"font-weight: 400;\">Aprendizaje en el Flujo del Trabajo<\/span><\/a><span style=\"font-weight: 400;\">) <\/span><b>se est\u00e1 convirtiendo en una tendencia dominante en la capacitaci\u00f3n y el desarrollo.\u00a0<\/b><\/p>\r\n<p><span style=\"font-weight: 400;\">Este enfoque permite a los empleados personalizar sus rutas de aprendizaje seg\u00fan sus necesidades, enfoc\u00e1ndose en las habilidades que impactan directamente en sus roles. Modelos tales como el <\/span><b>microaprendizaje <\/b><span style=\"font-weight: 400;\">y <\/span><a href=\"https:\/\/voxy.com\/\" target=\"_blank\" rel=\"noopener\"><span style=\"font-weight: 400;\">plataformas de aprendizaje bajo demanda<\/span><\/a><span style=\"font-weight: 400;\"> son herramientas poderosas que ofrecen <\/span><b>contenido accesible y personalizado<\/b><span style=\"font-weight: 400;\">. Estos formatos brindan a los empleados la flexibilidad de integrar el aprendizaje en sus rutinas, aprendiendo a su propio ritmo mientras que se alinean con las demandas de un mercado en constante evoluci\u00f3n.\u00a0<\/span><\/p>\r\n<p><span style=\"font-weight: 400;\">Sin embargo, la autonom\u00eda en el aprendizaje no significa falta de apoyo. Para asegurar la <\/span><a href=\"https:\/\/voxy.com\/blog\/employee-engagement-in-training\/\" target=\"_blank\" rel=\"noopener\"><span style=\"font-weight: 400;\">participaci\u00f3n<\/span><\/a><span style=\"font-weight: 400;\">, los equipos de Aprendizaje y Desarrollo deben crear entornos de apoyo donde las herramientas tecnol\u00f3gicas, la retroalimentaci\u00f3n continua y una cultura que valore el desarrollo sean prioridades. Estas pr\u00e1cticas ayudan a los empleados a aplicar lo que aprenden en su trabajo diario, <\/span><b>conectando sus trayectorias de aprendizaje con<\/b> <a href=\"https:\/\/voxy.com\/blog\/2021\/10\/boost-results-with-a-personalized-english-course\/\" target=\"_blank\" rel=\"noopener\"><b>resultados tangibles.<\/b><\/a><\/p>\r\n<h2><!-- \/wp:paragraph -->\r\n\r\n<!-- wp:heading --><\/h2>\r\n<h2 id=\"trabajo-proposito\" class=\"wp-block-heading\"><strong>10. Trabajo con Prop\u00f3sito: La Clave a la Participaci\u00f3n<\/strong><\/h2>\r\n<h2><!-- \/wp:heading -->\r\n\r\n<!-- wp:paragraph --><\/h2>\r\n<p><b>El concepto de la participaci\u00f3n de empleados <\/b><span style=\"font-weight: 400;\">ha sido una prioridad bien establecida por las empresas, pero en el 2025, el enfoque en el <\/span><b>trabajo significativo<\/b><span style=\"font-weight: 400;\"> promete redefinir este panorama. M\u00e1s que simplemente asegurar la satisfacci\u00f3n o la finalizaci\u00f3n de tareas, la <\/span><b>verdadera participaci\u00f3n surge cuando los empleados se conectan emocionalmente con las metas organizacionales y encuentran un prop\u00f3sito en lo que hacen.<\/b><\/p>\r\n<p><span style=\"font-weight: 400;\">Los <\/span><a href=\"https:\/\/investor.workday.com\/2024-09-10-Workday-Global-Workforce-Report-Job-Market-Tightens-as-AI-Reshapes-Hiring-Processes\" target=\"_blank\" rel=\"noopener\"><span style=\"font-weight: 400;\">estudios<\/span><\/a><span style=\"font-weight: 400;\"> recientes muestran que<\/span><b> los empleados que consideran su trabajo significativo se sienten un 37% m\u00e1s realizados<\/b><span style=\"font-weight: 400;\">, incluso en entornos de alta presi\u00f3n o con cargas de trabajo exigentes. Estos datos revelan que el impacto del trabajo con prop\u00f3sito va m\u00e1s all\u00e1 del bienestar individual, influyendo directamente en la <\/span><b>productividad <\/b><span style=\"font-weight: 400;\">y la <\/span><b>resiliencia <\/b><span style=\"font-weight: 400;\">del equipo. Para las empresas, priorizar el trabajo significativo no es solo una estrategia de retenci\u00f3n, sino un conductor esencial para un desempe\u00f1o organizacional a largo plazo.<\/span><\/p>\r\n<p><span style=\"font-weight: 400;\">En este contexto, <\/span><b>los profesionales de Aprendizaje y Desarrollo<\/b><span style=\"font-weight: 400;\"> desempe\u00f1an un papel crucial. Es necesario ir m\u00e1s all\u00e1 del <\/span><a href=\"https:\/\/voxy.com\/blog\/learning-and-development-plan\/\" target=\"_blank\" rel=\"noopener\"><span style=\"font-weight: 400;\">desarrollo<\/span><\/a><span style=\"font-weight: 400;\"> de habilidades t\u00e9cnicas e interpersonales y crear programas<\/span><b> que refuercen el alineamiento entre las metas personales de los empleados y las metas estrat\u00e9gicas de la empresa<\/b><span style=\"font-weight: 400;\">. Cuando los empleados ven una trayectoria de crecimiento que combina su progreso <\/span><a href=\"https:\/\/voxy.com\/blog\/professional-development-plan\/\" target=\"_blank\" rel=\"noopener\"><span style=\"font-weight: 400;\">individual<\/span><\/a><span style=\"font-weight: 400;\"> con el \u00e9xito organizacional, se sienten m\u00e1s valorados y motivados,<\/span><b> impulsando la participaci\u00f3n de forma natural y sostenible.<\/b><\/p>\r\n<h2><!-- \/wp:paragraph -->\r\n\r\n<!-- wp:heading --><\/h2>\r\n<h2 class=\"wp-block-heading\"><strong>Conclusi\u00f3n<\/strong><\/h2>\r\n<h2><!-- \/wp:heading -->\r\n\r\n<!-- wp:paragraph --><\/h2>\r\n<p><span style=\"font-weight: 400;\">Lo que hemos explorado y conversado hoy deja claro que el futuro de la capacitaci\u00f3n y el desarrollo ser\u00e1 formado por grandes estrategias m\u00e1s integradas. Las organizaciones que aspiren a prosperar en el 2025 necesitar\u00e1n enfoques innovadores que equilibren los avances tecnol\u00f3gicos con las necesidades humanas, fomenten el aprendizaje continuo y prioricen el desarrollo de las habilidades esenciales para el \u00e9xito individual y organizacional.<\/span><\/p>\r\n<p><span style=\"font-weight: 400;\">El panorama laboral global exige m\u00e1s que competencias t\u00e9cnicas; requiere empat\u00eda, liderazgo adaptativo y una participaci\u00f3n aut\u00e9ntica. Al adoptar pr\u00e1cticas como el aprendizaje autodirigido, el desarrollo de habilidades blandas\u2014o habilidades de poder\u2014 y la personalizaci\u00f3n de programas, las empresas pueden crear equipos a\u00fan m\u00e1s resilientes alineados con sus metas estrat\u00e9gicas.<\/span><\/p>\r\n<p><span style=\"font-weight: 400;\">Los profesionales de Aprendizaje y Desarrollo desempe\u00f1an un papel vital en esta trayectoria, liderando la transformaci\u00f3n cultural y operativa de las organizaciones. Con presupuestos aumentados y la disponibilidad de nuevas herramientas, este es el momento para pensar estrat\u00e9gicamente e invertir en iniciativas que impulsen un impacto medible y sostenible.<\/span><\/p>\r\n<p><span style=\"font-weight: 400;\">M\u00e1s que nunca, el aprendizaje corporativo no es solamente un recurso, sino un motivador de la transformaci\u00f3n y el crecimiento. Al incorporar estas tendencias en el ADN de sus empresas, los l\u00edderes y equipos estar\u00e1n listos para enfrentarse a los desaf\u00edos de un mercado de constante evoluci\u00f3n y lograr un futuro de alto rendimiento e innovaci\u00f3n.<\/span><\/p>\r\n<h2><!-- \/wp:paragraph -->\r\n\r\n<!-- wp:separator --><\/h2>\r\n<hr class=\"wp-block-separator has-alpha-channel-opacity\" \/>\r\n<h2><!-- \/wp:separator -->\r\n\r\n<!-- wp:paragraph --><\/h2>\r\n<p><em>Voxy ofrece capacitaci\u00f3n en idiomas espec\u00edficos para cada trabajo, dise\u00f1ado para liberar el potencial de su equipo. Nuestra soluci\u00f3n impulsada por IA y nuestro enfoque de microaprendizaje mejoran la comunicaci\u00f3n del equipo para obtener mejores resultados. \u00a1<a href=\"https:\/\/learn.voxy.com\/demo-es.html\">Agende una evaluaci\u00f3n<\/a> hoy!<\/em><\/p>\r\n<h2 id=\"aprendizaje-datos\"><!-- \/wp:paragraph --><\/h2><!-- \/wp:post-content -->","protected":false},"excerpt":{"rendered":"<p>El mundo de aprendizaje y desarrollo nunca ha sido tan din\u00e1mico y desafiante. En un ambiente donde los cambios r\u00e1pidos y las transformaciones digitales marcan el paso, los l\u00edderes y profesionales del campo est\u00e1n replanteando c\u00f3mo crear programas de aprendizaje que verdaderamente impactan el rendimiento organizacional. Hoy, nos sumergimos en las 10 tendencias clave de [&#8230;]\n","protected":false},"author":78,"featured_media":121615,"comment_status":"closed","ping_status":"closed","sticky":false,"template":"","format":"standard","meta":{"footnotes":""},"categories":[698],"tags":[],"class_list":["post-117677","post","type-post","status-publish","format-standard","has-post-thumbnail","hentry","category-capacitacion-y-desarrollo"],"yoast_head":"<!-- This site is optimized with the Yoast SEO plugin v26.7 - https:\/\/yoast.com\/wordpress\/plugins\/seo\/ -->\n<title>10 Tendencias de Capacitaci\u00f3n y Desarrollo Corporativo para el 2025<\/title>\n<meta name=\"description\" content=\"Descubra las principales tendencias de Aprendizaje y Desarrollo para el 2025: tecnolog\u00eda, habilidades blandas y liderazgo. Aprenda c\u00f3mo alinear sus metas empresariales.\" \/>\n<meta name=\"robots\" content=\"index, follow, max-snippet:-1, max-image-preview:large, max-video-preview:-1\" \/>\n<link rel=\"canonical\" href=\"https:\/\/voxy.com\/es\/blog\/tendencias-de-aprendizaje-y-desarrollo\/\" \/>\n<meta property=\"og:locale\" content=\"es_ES\" \/>\n<meta property=\"og:type\" content=\"article\" \/>\n<meta property=\"og:title\" content=\"10 Tendencias de Capacitaci\u00f3n y Desarrollo Corporativo para el 2025\" \/>\n<meta property=\"og:description\" content=\"Descubra las principales tendencias de Aprendizaje y Desarrollo para el 2025: tecnolog\u00eda, habilidades blandas y liderazgo. Aprenda c\u00f3mo alinear sus metas empresariales.\" \/>\n<meta property=\"og:url\" content=\"https:\/\/voxy.com\/es\/blog\/tendencias-de-aprendizaje-y-desarrollo\/\" \/>\n<meta property=\"og:site_name\" content=\"Voxy\" \/>\n<meta property=\"article:publisher\" content=\"https:\/\/www.facebook.com\/goVOXY\/\" \/>\n<meta property=\"article:published_time\" content=\"2024-12-17T20:05:32+00:00\" \/>\n<meta property=\"article:modified_time\" content=\"2024-12-18T13:50:40+00:00\" \/>\n<meta property=\"og:image\" content=\"https:\/\/voxy.com\/wp-content\/uploads\/2023\/10\/tendencias-de-treinamento-e-desenvolvimento-3.jpg\" \/>\n\t<meta property=\"og:image:width\" content=\"1148\" \/>\n\t<meta property=\"og:image:height\" content=\"500\" \/>\n\t<meta property=\"og:image:type\" content=\"image\/jpeg\" \/>\n<meta name=\"author\" content=\"Beatriz Franqueira\" \/>\n<meta name=\"twitter:card\" content=\"summary_large_image\" \/>\n<meta name=\"twitter:creator\" content=\"@Voxy\" \/>\n<meta name=\"twitter:site\" content=\"@Voxy\" \/>\n<meta name=\"twitter:label1\" content=\"Escrito por\" \/>\n\t<meta name=\"twitter:data1\" content=\"Beatriz Franqueira\" \/>\n\t<meta name=\"twitter:label2\" content=\"Tiempo de lectura\" \/>\n\t<meta name=\"twitter:data2\" content=\"14 minutos\" \/>\n<script type=\"application\/ld+json\" class=\"yoast-schema-graph\">{\"@context\":\"https:\/\/schema.org\",\"@graph\":[{\"@type\":\"Article\",\"@id\":\"https:\/\/voxy.com\/es\/blog\/tendencias-de-aprendizaje-y-desarrollo\/#article\",\"isPartOf\":{\"@id\":\"https:\/\/voxy.com\/es\/blog\/tendencias-de-aprendizaje-y-desarrollo\/\"},\"author\":{\"name\":\"Beatriz Franqueira\",\"@id\":\"https:\/\/voxy.com\/es\/#\/schema\/person\/c69551e1ec681720191a9e5ed9f1a9d4\"},\"headline\":\"10 Tendencias de Capacitaci\u00f3n y Desarrollo Corporativo para el 2025\",\"datePublished\":\"2024-12-17T20:05:32+00:00\",\"dateModified\":\"2024-12-18T13:50:40+00:00\",\"mainEntityOfPage\":{\"@id\":\"https:\/\/voxy.com\/es\/blog\/tendencias-de-aprendizaje-y-desarrollo\/\"},\"wordCount\":3006,\"image\":{\"@id\":\"https:\/\/voxy.com\/es\/blog\/tendencias-de-aprendizaje-y-desarrollo\/#primaryimage\"},\"thumbnailUrl\":\"https:\/\/voxy.com\/wp-content\/uploads\/2023\/10\/tendencias-de-treinamento-e-desenvolvimento-3.jpg\",\"articleSection\":[\"Capacitaci\u00f3n Y Desarrollo\"],\"inLanguage\":\"es\"},{\"@type\":\"WebPage\",\"@id\":\"https:\/\/voxy.com\/es\/blog\/tendencias-de-aprendizaje-y-desarrollo\/\",\"url\":\"https:\/\/voxy.com\/es\/blog\/tendencias-de-aprendizaje-y-desarrollo\/\",\"name\":\"10 Tendencias de Capacitaci\u00f3n y Desarrollo Corporativo para el 2025\",\"isPartOf\":{\"@id\":\"https:\/\/voxy.com\/es\/#website\"},\"primaryImageOfPage\":{\"@id\":\"https:\/\/voxy.com\/es\/blog\/tendencias-de-aprendizaje-y-desarrollo\/#primaryimage\"},\"image\":{\"@id\":\"https:\/\/voxy.com\/es\/blog\/tendencias-de-aprendizaje-y-desarrollo\/#primaryimage\"},\"thumbnailUrl\":\"https:\/\/voxy.com\/wp-content\/uploads\/2023\/10\/tendencias-de-treinamento-e-desenvolvimento-3.jpg\",\"datePublished\":\"2024-12-17T20:05:32+00:00\",\"dateModified\":\"2024-12-18T13:50:40+00:00\",\"author\":{\"@id\":\"https:\/\/voxy.com\/es\/#\/schema\/person\/c69551e1ec681720191a9e5ed9f1a9d4\"},\"description\":\"Descubra las principales tendencias de Aprendizaje y Desarrollo para el 2025: tecnolog\u00eda, habilidades blandas y liderazgo. Aprenda c\u00f3mo alinear sus metas empresariales.\",\"breadcrumb\":{\"@id\":\"https:\/\/voxy.com\/es\/blog\/tendencias-de-aprendizaje-y-desarrollo\/#breadcrumb\"},\"inLanguage\":\"es\",\"potentialAction\":[{\"@type\":\"ReadAction\",\"target\":[\"https:\/\/voxy.com\/es\/blog\/tendencias-de-aprendizaje-y-desarrollo\/\"]}]},{\"@type\":\"ImageObject\",\"inLanguage\":\"es\",\"@id\":\"https:\/\/voxy.com\/es\/blog\/tendencias-de-aprendizaje-y-desarrollo\/#primaryimage\",\"url\":\"https:\/\/voxy.com\/wp-content\/uploads\/2023\/10\/tendencias-de-treinamento-e-desenvolvimento-3.jpg\",\"contentUrl\":\"https:\/\/voxy.com\/wp-content\/uploads\/2023\/10\/tendencias-de-treinamento-e-desenvolvimento-3.jpg\",\"width\":1148,\"height\":500,\"caption\":\"Tendencias de Aprendizaje y Desarrollo\"},{\"@type\":\"BreadcrumbList\",\"@id\":\"https:\/\/voxy.com\/es\/blog\/tendencias-de-aprendizaje-y-desarrollo\/#breadcrumb\",\"itemListElement\":[{\"@type\":\"ListItem\",\"position\":1,\"name\":\"Home\",\"item\":\"https:\/\/voxy.com\/\"},{\"@type\":\"ListItem\",\"position\":2,\"name\":\"10 Tendencias de Capacitaci\u00f3n y Desarrollo Corporativo para el 2025\"}]},{\"@type\":\"WebSite\",\"@id\":\"https:\/\/voxy.com\/es\/#website\",\"url\":\"https:\/\/voxy.com\/es\/\",\"name\":\"Voxy\",\"description\":\"Learn a language from life\",\"potentialAction\":[{\"@type\":\"SearchAction\",\"target\":{\"@type\":\"EntryPoint\",\"urlTemplate\":\"https:\/\/voxy.com\/es\/?s={search_term_string}\"},\"query-input\":{\"@type\":\"PropertyValueSpecification\",\"valueRequired\":true,\"valueName\":\"search_term_string\"}}],\"inLanguage\":\"es\"},{\"@type\":\"Person\",\"@id\":\"https:\/\/voxy.com\/es\/#\/schema\/person\/c69551e1ec681720191a9e5ed9f1a9d4\",\"name\":\"Beatriz Franqueira\",\"image\":{\"@type\":\"ImageObject\",\"inLanguage\":\"es\",\"@id\":\"https:\/\/voxy.com\/es\/#\/schema\/person\/image\/\",\"url\":\"https:\/\/voxy.com\/wp-content\/litespeed\/avatar\/cc41450a89c234e5de7948b4e78bf8c1.jpg?ver=1776858249\",\"contentUrl\":\"https:\/\/voxy.com\/wp-content\/litespeed\/avatar\/cc41450a89c234e5de7948b4e78bf8c1.jpg?ver=1776858249\",\"caption\":\"Beatriz Franqueira\"}}]}<\/script>\n<!-- \/ Yoast SEO plugin. -->","yoast_head_json":{"title":"10 Tendencias de Capacitaci\u00f3n y Desarrollo Corporativo para el 2025","description":"Descubra las principales tendencias de Aprendizaje y Desarrollo para el 2025: tecnolog\u00eda, habilidades blandas y liderazgo. Aprenda c\u00f3mo alinear sus metas empresariales.","robots":{"index":"index","follow":"follow","max-snippet":"max-snippet:-1","max-image-preview":"max-image-preview:large","max-video-preview":"max-video-preview:-1"},"canonical":"https:\/\/voxy.com\/es\/blog\/tendencias-de-aprendizaje-y-desarrollo\/","og_locale":"es_ES","og_type":"article","og_title":"10 Tendencias de Capacitaci\u00f3n y Desarrollo Corporativo para el 2025","og_description":"Descubra las principales tendencias de Aprendizaje y Desarrollo para el 2025: tecnolog\u00eda, habilidades blandas y liderazgo. Aprenda c\u00f3mo alinear sus metas empresariales.","og_url":"https:\/\/voxy.com\/es\/blog\/tendencias-de-aprendizaje-y-desarrollo\/","og_site_name":"Voxy","article_publisher":"https:\/\/www.facebook.com\/goVOXY\/","article_published_time":"2024-12-17T20:05:32+00:00","article_modified_time":"2024-12-18T13:50:40+00:00","og_image":[{"width":1148,"height":500,"url":"https:\/\/voxy.com\/wp-content\/uploads\/2023\/10\/tendencias-de-treinamento-e-desenvolvimento-3.jpg","type":"image\/jpeg"}],"author":"Beatriz Franqueira","twitter_card":"summary_large_image","twitter_creator":"@Voxy","twitter_site":"@Voxy","twitter_misc":{"Escrito por":"Beatriz Franqueira","Tiempo de lectura":"14 minutos"},"schema":{"@context":"https:\/\/schema.org","@graph":[{"@type":"Article","@id":"https:\/\/voxy.com\/es\/blog\/tendencias-de-aprendizaje-y-desarrollo\/#article","isPartOf":{"@id":"https:\/\/voxy.com\/es\/blog\/tendencias-de-aprendizaje-y-desarrollo\/"},"author":{"name":"Beatriz Franqueira","@id":"https:\/\/voxy.com\/es\/#\/schema\/person\/c69551e1ec681720191a9e5ed9f1a9d4"},"headline":"10 Tendencias de Capacitaci\u00f3n y Desarrollo Corporativo para el 2025","datePublished":"2024-12-17T20:05:32+00:00","dateModified":"2024-12-18T13:50:40+00:00","mainEntityOfPage":{"@id":"https:\/\/voxy.com\/es\/blog\/tendencias-de-aprendizaje-y-desarrollo\/"},"wordCount":3006,"image":{"@id":"https:\/\/voxy.com\/es\/blog\/tendencias-de-aprendizaje-y-desarrollo\/#primaryimage"},"thumbnailUrl":"https:\/\/voxy.com\/wp-content\/uploads\/2023\/10\/tendencias-de-treinamento-e-desenvolvimento-3.jpg","articleSection":["Capacitaci\u00f3n Y Desarrollo"],"inLanguage":"es"},{"@type":"WebPage","@id":"https:\/\/voxy.com\/es\/blog\/tendencias-de-aprendizaje-y-desarrollo\/","url":"https:\/\/voxy.com\/es\/blog\/tendencias-de-aprendizaje-y-desarrollo\/","name":"10 Tendencias de Capacitaci\u00f3n y Desarrollo Corporativo para el 2025","isPartOf":{"@id":"https:\/\/voxy.com\/es\/#website"},"primaryImageOfPage":{"@id":"https:\/\/voxy.com\/es\/blog\/tendencias-de-aprendizaje-y-desarrollo\/#primaryimage"},"image":{"@id":"https:\/\/voxy.com\/es\/blog\/tendencias-de-aprendizaje-y-desarrollo\/#primaryimage"},"thumbnailUrl":"https:\/\/voxy.com\/wp-content\/uploads\/2023\/10\/tendencias-de-treinamento-e-desenvolvimento-3.jpg","datePublished":"2024-12-17T20:05:32+00:00","dateModified":"2024-12-18T13:50:40+00:00","author":{"@id":"https:\/\/voxy.com\/es\/#\/schema\/person\/c69551e1ec681720191a9e5ed9f1a9d4"},"description":"Descubra las principales tendencias de Aprendizaje y Desarrollo para el 2025: tecnolog\u00eda, habilidades blandas y liderazgo. Aprenda c\u00f3mo alinear sus metas empresariales.","breadcrumb":{"@id":"https:\/\/voxy.com\/es\/blog\/tendencias-de-aprendizaje-y-desarrollo\/#breadcrumb"},"inLanguage":"es","potentialAction":[{"@type":"ReadAction","target":["https:\/\/voxy.com\/es\/blog\/tendencias-de-aprendizaje-y-desarrollo\/"]}]},{"@type":"ImageObject","inLanguage":"es","@id":"https:\/\/voxy.com\/es\/blog\/tendencias-de-aprendizaje-y-desarrollo\/#primaryimage","url":"https:\/\/voxy.com\/wp-content\/uploads\/2023\/10\/tendencias-de-treinamento-e-desenvolvimento-3.jpg","contentUrl":"https:\/\/voxy.com\/wp-content\/uploads\/2023\/10\/tendencias-de-treinamento-e-desenvolvimento-3.jpg","width":1148,"height":500,"caption":"Tendencias de Aprendizaje y Desarrollo"},{"@type":"BreadcrumbList","@id":"https:\/\/voxy.com\/es\/blog\/tendencias-de-aprendizaje-y-desarrollo\/#breadcrumb","itemListElement":[{"@type":"ListItem","position":1,"name":"Home","item":"https:\/\/voxy.com\/"},{"@type":"ListItem","position":2,"name":"10 Tendencias de Capacitaci\u00f3n y Desarrollo Corporativo para el 2025"}]},{"@type":"WebSite","@id":"https:\/\/voxy.com\/es\/#website","url":"https:\/\/voxy.com\/es\/","name":"Voxy","description":"Learn a language from life","potentialAction":[{"@type":"SearchAction","target":{"@type":"EntryPoint","urlTemplate":"https:\/\/voxy.com\/es\/?s={search_term_string}"},"query-input":{"@type":"PropertyValueSpecification","valueRequired":true,"valueName":"search_term_string"}}],"inLanguage":"es"},{"@type":"Person","@id":"https:\/\/voxy.com\/es\/#\/schema\/person\/c69551e1ec681720191a9e5ed9f1a9d4","name":"Beatriz Franqueira","image":{"@type":"ImageObject","inLanguage":"es","@id":"https:\/\/voxy.com\/es\/#\/schema\/person\/image\/","url":"https:\/\/voxy.com\/wp-content\/litespeed\/avatar\/cc41450a89c234e5de7948b4e78bf8c1.jpg?ver=1776858249","contentUrl":"https:\/\/voxy.com\/wp-content\/litespeed\/avatar\/cc41450a89c234e5de7948b4e78bf8c1.jpg?ver=1776858249","caption":"Beatriz Franqueira"}}]}},"_links":{"self":[{"href":"https:\/\/voxy.com\/es\/wp-json\/wp\/v2\/posts\/117677","targetHints":{"allow":["GET"]}}],"collection":[{"href":"https:\/\/voxy.com\/es\/wp-json\/wp\/v2\/posts"}],"about":[{"href":"https:\/\/voxy.com\/es\/wp-json\/wp\/v2\/types\/post"}],"author":[{"embeddable":true,"href":"https:\/\/voxy.com\/es\/wp-json\/wp\/v2\/users\/78"}],"replies":[{"embeddable":true,"href":"https:\/\/voxy.com\/es\/wp-json\/wp\/v2\/comments?post=117677"}],"version-history":[{"count":0,"href":"https:\/\/voxy.com\/es\/wp-json\/wp\/v2\/posts\/117677\/revisions"}],"wp:featuredmedia":[{"embeddable":true,"href":"https:\/\/voxy.com\/es\/wp-json\/wp\/v2\/media\/121615"}],"wp:attachment":[{"href":"https:\/\/voxy.com\/es\/wp-json\/wp\/v2\/media?parent=117677"}],"wp:term":[{"taxonomy":"category","embeddable":true,"href":"https:\/\/voxy.com\/es\/wp-json\/wp\/v2\/categories?post=117677"},{"taxonomy":"post_tag","embeddable":true,"href":"https:\/\/voxy.com\/es\/wp-json\/wp\/v2\/tags?post=117677"}],"curies":[{"name":"wp","href":"https:\/\/api.w.org\/{rel}","templated":true}]}}